{"id":549747,"date":"2025-11-21T19:44:17","date_gmt":"2025-11-21T19:44:17","guid":{"rendered":"https:\/\/www.europesays.com\/fr\/549747\/"},"modified":"2025-11-21T19:44:17","modified_gmt":"2025-11-21T19:44:17","slug":"ces-reves-etranges-pourraient-annoncer-des-annees-a-lavance-une-demence-ou-un-parkinson","status":"publish","type":"post","link":"https:\/\/www.europesays.com\/fr\/549747\/","title":{"rendered":"Ces r\u00eaves \u00e9tranges pourraient annoncer des ann\u00e9es \u00e0 l\u2019avance une d\u00e9mence ou un Parkinson"},"content":{"rendered":"<p>L&rsquo;analyse des troubles du sommeil prend une nouvelle dimension avec cette r\u00e9cente recherche scientifique. Les <a href=\"https:\/\/www.futura-sciences.com\/sciences\/definitions\/physique-mouvement-316\/\" target=\"_blank\" rel=\"noopener\">mouvements<\/a> incontr\u00f4l\u00e9s durant la phase de <a href=\"https:\/\/www.futura-sciences.com\/sante\/actualites\/sommeil-lien-etabli-troubles-sommeil-paradoxal-troubles-mentaux-74488\/\" title=\"Un lien \u00e9tabli entre troubles du sommeil paradoxal et troubles mentaux\" target=\"_blank\" rel=\"noopener\">sommeil paradoxal<\/a> ne constituent plus seulement une g\u00eane <a href=\"https:\/\/www.futura-sciences.com\/planete\/definitions\/zoologie-nocturne-6741\/\" target=\"_blank\" rel=\"noopener\">nocturne<\/a>, mais r\u00e9v\u00e8lent d\u00e9sormais des indices pr\u00e9cieux sur l&rsquo;\u00e9tat neurologique futur. Cette \u00e9tude, publi\u00e9e dans\u00a0la revue <a href=\"https:\/\/onlinelibrary.wiley.com\/doi\/10.1002\/ana.27170\" title=\"D\u00e9tection automatis\u00e9e des troubles isol\u00e9s du comportement en sommeil paradoxal \u00e0 l&#039;aide de la vision par ordinateur\" target=\"_blank\" rel=\"noopener\">Annals of Neurology<\/a>, ouvre des perspectives prometteuses pour la d\u00e9tection pr\u00e9coce de maladies d\u00e9g\u00e9n\u00e9ratives majeures.<\/p>\n<p>L&rsquo;innovation technologique au service du diagnostic m\u00e9dical<\/p>\n<p>L&rsquo;\u00e9quipe de recherche a d\u00e9velopp\u00e9 un <a href=\"https:\/\/www.futura-sciences.com\/tech\/definitions\/tech-protocole-d-1286\/\" target=\"_blank\" rel=\"noopener\">protocole d<\/a>&lsquo;observation r\u00e9volutionnaire impliquant 170 participants volontaires. Quatre-vingts d&rsquo;entre eux pr\u00e9sentaient des sympt\u00f4mes de trouble comportemental en sommeil paradoxal, tandis que les quatre-vingt-dix autres servaient de groupe t\u00e9moin sans perturbations particuli\u00e8res.<\/p>\n<p>L&rsquo;originalit\u00e9 de cette approche r\u00e9side dans l&rsquo;utilisation d&rsquo;un <a href=\"https:\/\/www.futura-sciences.com\/tech\/actualites\/technologie-algorithme-deviner-tueras-demain-incroyable-projet-secret-royaume-uni-121132\/\" title=\"Un algorithme pour deviner qui tuera demain : l\u2019incroyable projet secret du Royaume-Uni\" target=\"_blank\" rel=\"noopener\">algorithme<\/a> sophistiqu\u00e9 capable d&rsquo;analyser automatiquement les mouvements corporels nocturnes. Cette <a href=\"https:\/\/www.futura-sciences.com\/tech\/definitions\/informatique-intelligence-artificielle-555\/\" target=\"_blank\" rel=\"noopener\">intelligence artificielle<\/a> atteint un taux de pr\u00e9cision remarquable de 92 % dans l&rsquo;identification des patients atteints de TCSP. Cette performance d\u00e9passe largement les m\u00e9thodes traditionnelles d&rsquo;\u00e9valuation clinique.<\/p>\n<p>Le Dr Emmanuel During, professeur associ\u00e9 de neurologie \u00e0 la Mount Sinai School of Medicine de New York, souligne l&rsquo;impact potentiel de cette technologie : \u00ab Cette approche automatis\u00e9e pourrait \u00eatre int\u00e9gr\u00e9e dans les cliniques lors de l&rsquo;interpr\u00e9tation des tests du sommeil pour am\u00e9liorer et faciliter le diagnostic et \u00e9viter les diagnostics manqu\u00e9s \u00bb.<\/p>\n<p class=\"fs-media\">\n<p><img decoding=\"async\" data-imgid=\"full\" src=\"https:\/\/www.europesays.com\/fr\/wp-content\/uploads\/2025\/11\/reves-agites-ia-demence.png\" width=\"1080\" height=\"720\" alt=\"\" loading=\"lazy\"\/><br \/>\nUne m\u00e9thode automatis\u00e9e utilisant la vision par ordinateur pourrait d\u00e9tecter dans le trouble du comportement en sommeil paradoxal isol\u00e9 (iRBD), un pr\u00e9curseur potentiel de la maladie de Parkinson et de troubles neurod\u00e9g\u00e9n\u00e9ratifs apparent\u00e9s. \u00a9 demaerre, iStock<\/p>\n<p>D\u00e9cryptage des manifestations nocturnes suspectes<\/p>\n<p>Le trouble du <a href=\"https:\/\/www.futura-sciences.com\/sante\/actualites\/cerveau-dopamine-influence-notre-comportement-109889\/\" title=\"Comment la dopamine influence notre comportement\" target=\"_blank\" rel=\"noopener\">comportement<\/a> en sommeil paradoxal touche environ 5 % de la population g\u00e9n\u00e9rale. Cette <a href=\"https:\/\/www.futura-sciences.com\/sante\/definitions\/medecine-pathologie-2800\/\" target=\"_blank\" rel=\"noopener\">pathologie<\/a> se caract\u00e9rise par des manifestations <a href=\"https:\/\/www.futura-sciences.com\/sciences\/definitions\/physique-physique-15839\/\" target=\"_blank\" rel=\"noopener\">physiques<\/a> impressionnantes durant les phases de r\u00eave intense. Les patients concern\u00e9s peuvent pr\u00e9senter les sympt\u00f4mes suivants :<\/p>\n<ul dir=\"ltr\">\n<li role=\"presentation\">Conversations nocturnes spontan\u00e9es.<\/li>\n<li role=\"presentation\">Rires ou cris involontaires.<\/li>\n<li role=\"presentation\">Jurons et expressions verbales.<\/li>\n<li role=\"presentation\">Mouvements violents des membres.<\/li>\n<li role=\"presentation\">Gestes pouvant causer des blessures.<\/li>\n<\/ul>\n<p>Ces comportements traduisent une mise en sc\u00e8ne physique des sc\u00e9narios oniriques. Contrairement au sommeil normal, o\u00f9 les muscles restent paralys\u00e9s temporairement, les personnes atteintes perdent cette protection naturelle. Elles peuvent donc se blesser ou blesser leur partenaire de lit lors d&rsquo;\u00e9pisodes particuli\u00e8rement intenses.<\/p>\n<p>La distinction avec d&rsquo;autres troubles du sommeil demeure complexe pour les praticiens. Cette difficult\u00e9 diagnostique retarde souvent la prise en charge appropri\u00e9e et l&rsquo;identification des risques neurologiques associ\u00e9s.<\/p>\n<p>Le lien neurobiologique avec les pathologies d\u00e9g\u00e9n\u00e9ratives<\/p>\n<p>La connexion entre ces troubles nocturnes et les <a href=\"https:\/\/www.futura-sciences.com\/sante\/definitions\/medecine-maladie-neurodegenerative-12214\/\" target=\"_blank\" rel=\"noopener\">maladies neurod\u00e9g\u00e9n\u00e9ratives<\/a> s&rsquo;explique par des m\u00e9canismes biologiques pr\u00e9cis. L&rsquo;<a href=\"https:\/\/www.futura-sciences.com\/sante\/definitions\/biologie-inflammation-15288\/\" target=\"_blank\" rel=\"noopener\">inflammation<\/a> affecte sp\u00e9cifiquement une r\u00e9gion c\u00e9r\u00e9brale productrice de <a href=\"https:\/\/www.futura-sciences.com\/sante\/actualites\/medecine-dopamine-molecule-plaisir-sensibilite-dependances-9030\/\" title=\"Dopamine : mol\u00e9cule du plaisir et sensibilit\u00e9 aux d\u00e9pendances\" target=\"_blank\" rel=\"noopener\">dopamine<\/a>, <a href=\"https:\/\/www.futura-sciences.com\/sante\/definitions\/biologie-neurotransmetteur-788\/\" target=\"_blank\" rel=\"noopener\">neurotransmetteur<\/a> essentiel au contr\u00f4le moteur et aux fonctions cognitives.<\/p>\n<p>Cette zone neurologique subit \u00e9galement des dommages pr\u00e9coces chez les patients d\u00e9veloppant la <a href=\"https:\/\/www.futura-sciences.com\/sante\/definitions\/medecine-maladie-parkinson-191\/\" target=\"_blank\" rel=\"noopener\">maladie de Parkinson<\/a> ou diverses formes de <a href=\"https:\/\/www.futura-sciences.com\/sante\/definitions\/medecine-demence-3227\/\" target=\"_blank\" rel=\"noopener\">d\u00e9mence<\/a>. Cette corr\u00e9lation anatomique explique pourquoi le TCSP constitue souvent un marqueur pr\u00e9dictif fiable de ces pathologies.<\/p>\n<p>L&rsquo;identification pr\u00e9coce de ces signaux d&rsquo;alarme permettrait d&rsquo;envisager des interventions th\u00e9rapeutiques avant l&rsquo;apparition des sympt\u00f4mes classiques. Cette anticipation diagnostique repr\u00e9sente un enjeu majeur face \u00e0 l&rsquo;augmentation constante des cas de d\u00e9mence dans nos soci\u00e9t\u00e9s vieillissantes.<\/p>\n<p>Perspectives d&rsquo;am\u00e9lioration des soins personnalis\u00e9s<\/p>\n<p>L&rsquo;int\u00e9gration de cette technologie concr\u00e8tement clinique courante pourrait transformer l&rsquo;approche m\u00e9dicale des troubles du sommeil. Les m\u00e9decins disposeraient d&rsquo;un outil objectif pour \u00e9valuer la <a href=\"https:\/\/www.futura-sciences.com\/sciences\/definitions\/physique-gravite-1014\/\" target=\"_blank\" rel=\"noopener\">gravit\u00e9<\/a> des sympt\u00f4mes et adapter les traitements en cons\u00e9quence.<\/p>\n<p>Cette personnalisation th\u00e9rapeutique s&rsquo;av\u00e8re particuli\u00e8rement pertinente dans le contexte actuel d&rsquo;augmentation des diagnostics de <a href=\"https:\/\/www.futura-sciences.com\/sante\/actualites\/demence-cas-demence-sont-train-exploser-adopter-ces-4-reflexes-pourrait-prevenir-maladie-selon-science-121918\/\" title=\"Les cas de d\u00e9mence sont en train d\u2019exploser : adopter ces 4 r\u00e9flexes pourrait pr\u00e9venir la maladie, selon la science\" target=\"_blank\" rel=\"noopener\">d\u00e9mence<\/a>. Un <a href=\"https:\/\/www.futura-sciences.com\/sante\/definitions\/medecine-depistage-2659\/\" target=\"_blank\" rel=\"noopener\">d\u00e9pistage<\/a> simplifi\u00e9 et plus accessible permettrait d&rsquo;identifier rapidement les personnes \u00e0 risque \u00e9lev\u00e9.<\/p>\n<p>L&rsquo;algorithme pourrait \u00e9galement faciliter le suivi longitudinal des patients, en mesurant l&rsquo;\u00e9volution de leurs troubles nocturnes au fil du temps. Cette surveillance continue am\u00e9liorerait la compr\u00e9hension de la progression <a href=\"https:\/\/www.futura-sciences.com\/sante\/definitions\/medecine-pathologique-2801\/\" target=\"_blank\" rel=\"noopener\">pathologique<\/a> et l&rsquo;efficacit\u00e9 des interventions pr\u00e9ventives.<\/p>\n<p>Cette avanc\u00e9e technologique ouvre la voie \u00e0 une m\u00e9decine pr\u00e9dictive plus pr\u00e9cise, o\u00f9 les signaux nocturnes deviennent des alli\u00e9s pr\u00e9cieux dans la lutte contre les maladies neurod\u00e9g\u00e9n\u00e9ratives.<\/p>\n","protected":false},"excerpt":{"rendered":"L&rsquo;analyse des troubles du sommeil prend une nouvelle dimension avec cette r\u00e9cente recherche scientifique. Les mouvements incontr\u00f4l\u00e9s durant&hellip;\n","protected":false},"author":2,"featured_media":549748,"comment_status":"","ping_status":"","sticky":false,"template":"","format":"standard","meta":{"footnotes":""},"categories":[10],"tags":[53340,231,66717,281,14754,228,1011,27,72,223,278,12966,66719,2569,66718,5565,71,279,1257,66716],"class_list":{"0":"post-549747","1":"post","2":"type-post","3":"status-publish","4":"format-standard","5":"has-post-thumbnail","7":"category-sante","8":"tag-algorithme","9":"tag-cerveau","10":"tag-comportement-nocturne","11":"tag-demence","12":"tag-depistage","13":"tag-diagnostic","14":"tag-fr","15":"tag-france","16":"tag-health","17":"tag-intelligence-artificielle","18":"tag-les-tendances","19":"tag-maladies-neurodegeneratives","20":"tag-mouvement-incontrole","21":"tag-parkinson","22":"tag-pathologie-neurodegenerative","23":"tag-reves","24":"tag-sante","25":"tag-sommeil","26":"tag-troubles-du-sommeil","27":"tag-troubles-du-sommeil-paradoxal"},"share_on_mastodon":{"url":"","error":""},"_links":{"self":[{"href":"https:\/\/www.europesays.com\/fr\/wp-json\/wp\/v2\/posts\/549747","targetHints":{"allow":["GET"]}}],"collection":[{"href":"https:\/\/www.europesays.com\/fr\/wp-json\/wp\/v2\/posts"}],"about":[{"href":"https:\/\/www.europesays.com\/fr\/wp-json\/wp\/v2\/types\/post"}],"author":[{"embeddable":true,"href":"https:\/\/www.europesays.com\/fr\/wp-json\/wp\/v2\/users\/2"}],"replies":[{"embeddable":true,"href":"https:\/\/www.europesays.com\/fr\/wp-json\/wp\/v2\/comments?post=549747"}],"version-history":[{"count":0,"href":"https:\/\/www.europesays.com\/fr\/wp-json\/wp\/v2\/posts\/549747\/revisions"}],"wp:featuredmedia":[{"embeddable":true,"href":"https:\/\/www.europesays.com\/fr\/wp-json\/wp\/v2\/media\/549748"}],"wp:attachment":[{"href":"https:\/\/www.europesays.com\/fr\/wp-json\/wp\/v2\/media?parent=549747"}],"wp:term":[{"taxonomy":"category","embeddable":true,"href":"https:\/\/www.europesays.com\/fr\/wp-json\/wp\/v2\/categories?post=549747"},{"taxonomy":"post_tag","embeddable":true,"href":"https:\/\/www.europesays.com\/fr\/wp-json\/wp\/v2\/tags?post=549747"}],"curies":[{"name":"wp","href":"https:\/\/api.w.org\/{rel}","templated":true}]}}