{"id":549755,"date":"2025-11-21T19:48:15","date_gmt":"2025-11-21T19:48:15","guid":{"rendered":"https:\/\/www.europesays.com\/fr\/549755\/"},"modified":"2025-11-21T19:48:15","modified_gmt":"2025-11-21T19:48:15","slug":"ubisoft-les-reservations-au-2e-trimestre-depassent-les-attentes-le-titre-grimpe-21-11-2025-a-1812","status":"publish","type":"post","link":"https:\/\/www.europesays.com\/fr\/549755\/","title":{"rendered":"Ubisoft: Les r\u00e9servations au 2e trimestre d\u00e9passent les attentes, le titre grimpe &#8211; 21\/11\/2025 \u00e0 18:12"},"content":{"rendered":"<p>        <img decoding=\"async\" src=\"https:\/\/www.europesays.com\/fr\/wp-content\/uploads\/2025\/11\/a91d3e556931be7459702e0cf942efd3-760x507.jpg\" alt=\"Le logo d'UbiSoft Entertainment est visible \u00e0 la Paris Games Week \u00e0 Paris\" loading=\"eager\" fetchpriority=\"high\" width=\"760\" height=\"507\" style=\"max-width: 100%!important; height: auto;\"\/><\/p>\n<p class=\"c-image-news__legend\">Le logo d&rsquo;UbiSoft Entertainment est visible \u00e0 la Paris Games Week \u00e0 Paris<\/p>\n<p>\n (Reuters) -Ubisoft a fait \u00e9tat vendredi de r\u00e9servations nettes en hausse d\u00e9passant les attentes au deuxi\u00e8me trimestre, mettant ainsi un terme \u00e0 une semaine d&rsquo;incertitude durant laquelle la cotation de ses actions a \u00e9t\u00e9 suspendue.\n<\/p>\n<p>\n L&rsquo;\u00e9diteur de jeux vid\u00e9o a justifi\u00e9 le d\u00e9lai de publication de ses r\u00e9sultats par la nomination d&rsquo;un nouveau panel d&rsquo;auditeurs devant retraiter les comptes.\n<\/p>\n<p>\n Le cr\u00e9ateur de \u00ab\u00a0Assassin&rsquo;s Creed\u00a0\u00bb ou des \u00ab\u00a0Lapins Cr\u00e9tins\u00a0\u00bb a enregistr\u00e9 des r\u00e9servations nettes (\u00ab\u00a0net bookings\u00a0\u00bb) \u00e0 490,8 millions d&rsquo;euros, en hausse de 39% sur un an et au-dessus de sa propre estimation (450 millions d&rsquo;euros).\n<\/p>\n<p>\n L&rsquo;action Ubisoft, dont la cotation \u00e9tait suspendue depuis le 19 novembre, a repris vers 09h00 GMT et a bondi de 10,5% \u00e0 7,48 euros vers 10h30 GMT, apr\u00e8s avoir initialement chut\u00e9 de pr\u00e8s de 6%.\n<\/p>\n<p>\n Ubisoft avait annonc\u00e9 la semaine derni\u00e8re le report de ses r\u00e9sultats.\n<\/p>\n<p>\n Le directeur financier Frederick Duguet a expliqu\u00e9 vendredi, lors d&rsquo;une conf\u00e9rence de presse, que le retard \u00e9tait d\u00fb \u00e0 la nomination d&rsquo;un nouveau panel d&rsquo;auditeurs exigeant une r\u00e9vision des comptes 2025 relative \u00e0 la comptabilisation des revenus des accords de partenariat.\n<\/p>\n<p>\n La m\u00e9thode de comptabilisation r\u00e9vis\u00e9e a fait grimper le ratio dette nette\/Ebitda \u00e0 1,81 au 30 septembre, bien au-dessus de la limite de 1,5 fix\u00e9e par certains accords de financement, mettant l&rsquo;entreprise en infraction avec ses engagements en mati\u00e8re d&rsquo;endettement.\n<\/p>\n<p>\n \u00ab\u00a0Le d\u00e9lai s\u2019explique donc par le besoin de retraiter les comptes de l\u2019an dernier et surtout de valider le &lsquo;deal&rsquo; Tencent, qui devait peut-\u00eatre satisfaire encore quelques conditions suspensives puisque qu\u2019un &lsquo;covenant&rsquo; sur une ligne de cr\u00e9dit \u00e9tait d\u00e9pass\u00e9\u00a0\u00bb, a d\u00e9clar\u00e9 \u00e0 Reuters Corentin Marty, analyste chez TP ICAP Midcap.\n<\/p>\n<p>\n L&rsquo;ACCORD AVEC TENCENT FINALIS\u00c9\n<\/p>\n<p>\n Ubisoft a d\u00e9clar\u00e9 que l&rsquo;infraction \u00e9tait en cours de r\u00e9solution, avec le remboursement anticip\u00e9 d&rsquo;environ 286 millions d&rsquo;euros de pr\u00eats en cours. Le produit de l&rsquo;investissement d&rsquo;un milliard d&rsquo;euros de Tencent dans Vantage Studios, une filiale g\u00e9rant les trois franchises phares d&rsquo;Ubisoft, a \u00e9t\u00e9 utilis\u00e9.\n<\/p>\n<p>\n La transaction avec Tencent a \u00e9t\u00e9 finalis\u00e9e plus tard dans la journ\u00e9e de vendredi, a fait savoir Ubisoft dans un communiqu\u00e9. Tencent d\u00e9tient d\u00e9sormais une participation \u00e9conomique de 26,32% dans Vantage Studios.\n<\/p>\n<p>\n Apr\u00e8s un premier trimestre en-dessous des attentes, Ubisoft fait \u00e9tat de net bookings \u00e0 772 millions d&rsquo;euros au premier semestre, en hausse de 20% par rapport \u00e0 l\u2019an dernier, avec 34 millions de MAU et 88 millions d\u2019utilisateurs uniques sur consoles et PC, en l\u00e9g\u00e8re baisse hors XDefiant.\n<\/p>\n<p>\n Pour le troisi\u00e8me trimestre, le groupe table sur des r\u00e9servations nettes \u00e0 environ 305 millions d&rsquo;euros.\n<\/p>\n<p>\n Ubisoft a par ailleurs confirm\u00e9 ses objectifs pour l&rsquo;exercice 2025-2026. \u00c0 la suite de la cl\u00f4ture de la transaction avec Tencent, le groupe pr\u00e9voit de maintenir une position de dette nette consolid\u00e9e non-IFRS autour de z\u00e9ro.\n<\/p>\n<p>\n (R\u00e9dig\u00e9 par Coralie Lamarque, avec Leo Marchandon et Etienne Breban ; \u00e9dit\u00e9 par Augustin Turpin)<\/p>\n","protected":false},"excerpt":{"rendered":"Le logo d&rsquo;UbiSoft Entertainment est visible \u00e0 la Paris Games Week \u00e0 Paris (Reuters) -Ubisoft a fait \u00e9tat&hellip;\n","protected":false},"author":2,"featured_media":549756,"comment_status":"","ping_status":"","sticky":false,"template":"","format":"standard","meta":{"footnotes":""},"categories":[6],"tags":[400,398,408,35,405,33,34,1011,27,403,402,399,404,401,406,407],"class_list":{"0":"post-549755","1":"post","2":"type-post","3":"status-publish","4":"format-standard","5":"has-post-thumbnail","7":"category-economie","8":"tag-action-cac-40","9":"tag-bourse-de-paris","10":"tag-boursorama","11":"tag-business","12":"tag-cotations","13":"tag-economie","14":"tag-economy","15":"tag-fr","16":"tag-france","17":"tag-indices-devises","18":"tag-investir","19":"tag-investissement","20":"tag-marche-boursier","21":"tag-sicav","22":"tag-trackers","23":"tag-warrants"},"share_on_mastodon":{"url":"https:\/\/pubeurope.com\/@fr\/115589422978567528","error":""},"_links":{"self":[{"href":"https:\/\/www.europesays.com\/fr\/wp-json\/wp\/v2\/posts\/549755","targetHints":{"allow":["GET"]}}],"collection":[{"href":"https:\/\/www.europesays.com\/fr\/wp-json\/wp\/v2\/posts"}],"about":[{"href":"https:\/\/www.europesays.com\/fr\/wp-json\/wp\/v2\/types\/post"}],"author":[{"embeddable":true,"href":"https:\/\/www.europesays.com\/fr\/wp-json\/wp\/v2\/users\/2"}],"replies":[{"embeddable":true,"href":"https:\/\/www.europesays.com\/fr\/wp-json\/wp\/v2\/comments?post=549755"}],"version-history":[{"count":0,"href":"https:\/\/www.europesays.com\/fr\/wp-json\/wp\/v2\/posts\/549755\/revisions"}],"wp:featuredmedia":[{"embeddable":true,"href":"https:\/\/www.europesays.com\/fr\/wp-json\/wp\/v2\/media\/549756"}],"wp:attachment":[{"href":"https:\/\/www.europesays.com\/fr\/wp-json\/wp\/v2\/media?parent=549755"}],"wp:term":[{"taxonomy":"category","embeddable":true,"href":"https:\/\/www.europesays.com\/fr\/wp-json\/wp\/v2\/categories?post=549755"},{"taxonomy":"post_tag","embeddable":true,"href":"https:\/\/www.europesays.com\/fr\/wp-json\/wp\/v2\/tags?post=549755"}],"curies":[{"name":"wp","href":"https:\/\/api.w.org\/{rel}","templated":true}]}}