{"id":549759,"date":"2025-11-21T19:50:17","date_gmt":"2025-11-21T19:50:17","guid":{"rendered":"https:\/\/www.europesays.com\/fr\/549759\/"},"modified":"2025-11-21T19:50:17","modified_gmt":"2025-11-21T19:50:17","slug":"candidate-a-la-mairie-de-paris-rachida-dati-se-met-en-scene-en-tenue-deboueur-dans-une-video-de-campagne","status":"publish","type":"post","link":"https:\/\/www.europesays.com\/fr\/549759\/","title":{"rendered":"candidate \u00e0 la mairie de Paris, Rachida Dati se met en sc\u00e8ne en tenue d\u2019\u00e9boueur dans une vid\u00e9o de campagne"},"content":{"rendered":"<p>\n    Pendant une minute et quarante-huit secondes, la ministre de la Culture s\u2019affiche aux c\u00f4t\u00e9s de ses coll\u00e8gues temporaires, jetant des sacs-poubelle dans un camion benne.<\/p>\n<p class=\"fig-paragraph\">\u00abAvec moi, Paris sera propre!\u00bb La ministre de la Culture\u00a0<a href=\"http:\/\/www.lefigaro.fr\/culture\/pour-remettre-le-louvre-aux-normes-il-faudrait-presque-le-fermer-definitivement-selon-rachida-dati-20251118\" target=\"_blank\" data-fig-type=\"NewsFlash\" rel=\"noopener\" data-gtm-custom-categorie=\"navigation\" data-gtm-custom-action=\"crossclick\" data-gtm-custom-label=\"Contextuel\" data-gtm-event=\"customEventSPE\" data-fig-domain=\"LEFIGARO\">Rachida Dati<\/a>\u00a0s\u2019est transform\u00e9e en\u00a0<a href=\"http:\/\/www.lefigaro.fr\/social\/paris-les-eboueurs-en-greve-le-maire-du-17e-fait-appel-a-une-societe-privee-pour-nettoyer-son-arrondissement-20251116\" target=\"_blank\" data-fig-type=\"NewsFlash\" rel=\"noopener\" data-gtm-custom-categorie=\"navigation\" data-gtm-custom-action=\"crossclick\" data-gtm-custom-label=\"Contextuel\" data-gtm-event=\"customEventSPE\" data-fig-domain=\"LEFIGARO\">\u00e9boueuse<\/a>\u00a0le temps d\u2019une vid\u00e9o de campagne publi\u00e9e sur X, dans le cadre des \u00e9lections municipales pour la ville de Paris, qui auront lieu en mars 2026. \u00abLes Parisiens n\u2019en peuvent plus de la salet\u00e9 de leur ville. Ils n\u2019attendent plus des promesses mais des r\u00e9sultats. Je serai la maire des r\u00e9sultats!\u00bb, a-t-elle \u00e9crit en description de cette vid\u00e9o publi\u00e9e vendredi soir.<\/p>\n<p class=\"fig-paragraph\">Pendant une minute et quarante-huit secondes, l\u2019on peut voir l\u2019actuelle maire du 7e arrondissement de Paris en tenue d\u2019\u00e9boueur, jetant des sacs-poubelle dans un camion benne, ou serrant les mains de ses coll\u00e8gues temporaires. \u00abVous trouvez que le mat\u00e9riel l\u00e0, il ne faut pas le changer? Pour une ville comme Paris, il faut des nouvelles technologies\u00bb, certifie-t-elle \u00e0 l\u2019un d\u2019entre eux.<\/p>\n<p>                                    <a class=\"fig-a11y-skip a11y-hidden\" href=\"#fig-a11y-skip-main-inarticle\"><br \/>\n        Passer la publicit\u00e9<br \/>\n    <\/a><\/p>\n<p>\u00abIl y a de plus en plus de rats?\u00bb<\/p>\n<p class=\"fig-paragraph\">Avant de tacler, implicitement,\u00a0<a href=\"http:\/\/www.lefigaro.fr\/conjoncture\/logement-social-comment-anne-hidalgo-met-la-main-sur-des-milliers-d-appartements-prives-parisiens-20251120\" target=\"_blank\" data-fig-type=\"Article\" rel=\"noopener\" data-gtm-custom-categorie=\"navigation\" data-gtm-custom-action=\"crossclick\" data-gtm-custom-label=\"Contextuel\" data-gtm-event=\"customEventSPE\" data-fig-domain=\"LEFIGARO\">Anne Hidalgo<\/a>, sur la question des\u00a0<a href=\"http:\/\/www.lefigaro.fr\/automobile\/cables-ronges-moteurs-endommages-pourquoi-les-rats-sont-ils-devenus-l-ennemi-numero-un-des-voitures-garees-en-ville-20251109\" target=\"_blank\" data-fig-type=\"Article\" rel=\"noopener\" data-gtm-custom-categorie=\"navigation\" data-gtm-custom-action=\"crossclick\" data-gtm-custom-label=\"Contextuel\" data-gtm-event=\"customEventSPE\" data-fig-domain=\"LEFIGARO\">rats<\/a>. \u00abIl y a de plus en plus de rats?\u00bb, demande-t-elle \u00e0 un \u00e9boueur. \u00abL\u00e0, vous avez touch\u00e9 un probl\u00e8me. C\u2019est effrayant&#8230; On les trouve dans les sacs, c\u2019est un vrai fl\u00e9au\u00bb, lui r\u00e9pond-il. La vid\u00e9o se conclut sur la cacique des R\u00e9publicains tout sourire, montant \u00e0 l\u2019arri\u00e8re d\u2019un camion-benne.<\/p>\n<p class=\"fig-paragraph\">Un r\u00e9cent sondage<a href=\"http:\/\/www.lefigaro.fr\/politique\/municipales-2026-a-paris-malgre-le-lachage-de-renaissance-dati-fait-toujours-la-course-en-tete-20251104\" target=\"_blank\" data-fig-type=\"Article\" rel=\"noopener\" data-gtm-custom-categorie=\"navigation\" data-gtm-custom-action=\"crossclick\" data-gtm-custom-label=\"Contextuel\" data-gtm-event=\"customEventSPE\" data-fig-domain=\"LEFIGARO\">\u00a0Ifop-Fiducial pour le Figaro et Sud Radio\u00a0<\/a>donne Rachida Dati en t\u00eate des intentions de vote au premier tour des municipales de mars 2026, devant le candidat PS Emmanuel Gr\u00e9goire, l\u2019ex-premier adjoint d\u2019Anne Hidalgo avec lequel elle est en froid, vainqueur de la primaire socialiste face au candidat de la maire R\u00e9mi F\u00e9raud.<\/p>\n<p class=\"fig-paragraph\">Cette vid\u00e9o n\u2019est pas sans rappeler que lors de la derni\u00e8re campagne am\u00e9ricaine,\u00a0<a href=\"http:\/\/www.lefigaro.fr\/elections-americaines\/trump-se-met-en-scene-a-bord-d-un-camion-poubelle-apres-une-gaffe-de-biden-sur-ses-electeurs-20241031\" data-fig-type=\"NewsFlash\" data-gtm-custom-categorie=\"navigation\" data-gtm-custom-action=\"crossclick\" data-gtm-custom-label=\"Contextuel\" data-gtm-event=\"customEventSPE\" data-fig-domain=\"LEFIGARO\" target=\"_blank\" rel=\"noopener\">Donald Trump<\/a>\u00a0s\u2019\u00e9tait affich\u00e9 au volant d\u2019un camion poubelle apr\u00e8s une gaffe de Joe Biden. Il s\u2019\u00e9tait aussi mis en sc\u00e8ne<a href=\"http:\/\/www.lefigaro.fr\/elections-americaines\/presidentielle-americaine-trump-a-la-friteuse-chez-mcdo-dans-une-operation-visant-harris-20241020\" data-fig-type=\"NewsFlash\" data-gtm-custom-categorie=\"navigation\" data-gtm-custom-action=\"crossclick\" data-gtm-custom-label=\"Contextuel\" data-gtm-event=\"customEventSPE\" data-fig-domain=\"LEFIGARO\" target=\"_blank\" rel=\"noopener\">\u00a0dans un fast-food de McDonald\u2019s<\/a>\u00a0en Pennsylvanie, jouant le r\u00f4le d\u2019un employ\u00e9 \u00e0 la friteuse, une op\u00e9ration visant \u00e0 d\u00e9noncer selon lui un mensonge de Kamala Harris.<\/p>\n","protected":false},"excerpt":{"rendered":"Pendant une minute et quarante-huit secondes, la ministre de la Culture s\u2019affiche aux c\u00f4t\u00e9s de ses coll\u00e8gues temporaires,&hellip;\n","protected":false},"author":2,"featured_media":549760,"comment_status":"","ping_status":"","sticky":false,"template":"","format":"standard","meta":{"footnotes":""},"categories":[4],"tags":[11,1011,27,12,626,417,25],"class_list":{"0":"post-549759","1":"post","2":"type-post","3":"status-publish","4":"format-standard","5":"has-post-thumbnail","7":"category-france","8":"tag-actualites","9":"tag-fr","10":"tag-france","11":"tag-news","12":"tag-paris","13":"tag-rachida-dati","14":"tag-republique-francaise"},"share_on_mastodon":{"url":"","error":""},"_links":{"self":[{"href":"https:\/\/www.europesays.com\/fr\/wp-json\/wp\/v2\/posts\/549759","targetHints":{"allow":["GET"]}}],"collection":[{"href":"https:\/\/www.europesays.com\/fr\/wp-json\/wp\/v2\/posts"}],"about":[{"href":"https:\/\/www.europesays.com\/fr\/wp-json\/wp\/v2\/types\/post"}],"author":[{"embeddable":true,"href":"https:\/\/www.europesays.com\/fr\/wp-json\/wp\/v2\/users\/2"}],"replies":[{"embeddable":true,"href":"https:\/\/www.europesays.com\/fr\/wp-json\/wp\/v2\/comments?post=549759"}],"version-history":[{"count":0,"href":"https:\/\/www.europesays.com\/fr\/wp-json\/wp\/v2\/posts\/549759\/revisions"}],"wp:featuredmedia":[{"embeddable":true,"href":"https:\/\/www.europesays.com\/fr\/wp-json\/wp\/v2\/media\/549760"}],"wp:attachment":[{"href":"https:\/\/www.europesays.com\/fr\/wp-json\/wp\/v2\/media?parent=549759"}],"wp:term":[{"taxonomy":"category","embeddable":true,"href":"https:\/\/www.europesays.com\/fr\/wp-json\/wp\/v2\/categories?post=549759"},{"taxonomy":"post_tag","embeddable":true,"href":"https:\/\/www.europesays.com\/fr\/wp-json\/wp\/v2\/tags?post=549759"}],"curies":[{"name":"wp","href":"https:\/\/api.w.org\/{rel}","templated":true}]}}