{"id":549766,"date":"2025-11-21T19:54:47","date_gmt":"2025-11-21T19:54:47","guid":{"rendered":"https:\/\/www.europesays.com\/fr\/549766\/"},"modified":"2025-11-21T19:54:47","modified_gmt":"2025-11-21T19:54:47","slug":"on-en-sait-plus-sur-le-profil-des-suspects-multi-condamnes","status":"publish","type":"post","link":"https:\/\/www.europesays.com\/fr\/549766\/","title":{"rendered":"on en sait plus sur le profil des suspects, multi-condamn\u00e9s"},"content":{"rendered":"<p>                    Par<br \/>\n        <strong><br \/>\n            <a href=\"https:\/\/actu.fr\/auteur\/amandine-mehl\" title=\"Consulter tous les articles de Amandine Mehl\" rel=\"nofollow noopener\" target=\"_blank\">Amandine Mehl<\/a><br \/>\n                    <\/strong><\/p>\n<p>        Publi\u00e9 le<\/p>\n<p>            21 nov. 2025 \u00e0 14h15        <\/p>\n<p>Un <a href=\"https:\/\/actu.fr\/grand-est\/nancy_54395\/un-laboratoire-en-plein-nancy-500-000-saisis-un-vaste-trafic-de-drogues-demantele_63455832.html\" rel=\"nofollow noopener\" target=\"_blank\">vaste trafic de drogues<\/a>, install\u00e9 au 3 rue Jean Mih\u00e9 \u00e0 <strong>Nancy<\/strong>, a \u00e9t\u00e9 d\u00e9mantel\u00e9.\u00a0\u00c0 l\u2019issue, <strong>dix personnes ont \u00e9t\u00e9 plac\u00e9es en garde \u00e0 vue<\/strong>, annon\u00e7ait le parquet mardi 18\u00a0novembre 2025.<\/p>\n<p class=\" wall-content\">Ce vendredi 21\u00a0novembre, <strong>Fran\u00e7ois Capin-Dulhoste<\/strong>, procureur de la R\u00e9publique de Nancy, a communiqu\u00e9 sur le <strong>profil des individus<\/strong>. Voici ce que l\u2019on sait \u00e0 ce stade de l\u2019enqu\u00eate.<\/p>\n<p>Deux fr\u00e8res soup\u00e7onn\u00e9s d\u2019\u00eatre \u00e0 la t\u00eate du r\u00e9seau<\/p>\n<p class=\" wall-content\">Sur les dix individus interpell\u00e9s,<strong> sept ont \u00e9t\u00e9 d\u00e9f\u00e9r\u00e9s<\/strong> au tribunal judiciaire de Nancy en <strong>comparution imm\u00e9diate<\/strong> ce vendredi. Parmi eux, <strong>deux fr\u00e8res<\/strong>, soup\u00e7onn\u00e9s d\u2019\u00eatre \u00e0 la t\u00eate du r\u00e9seau. Le plus jeune, \u00e2g\u00e9 de 22\u00a0ans, a <strong>d\u00e9j\u00e0 \u00e9t\u00e9 condamn\u00e9 quatre fois<\/strong>, dont deux fois pour trafic de stup\u00e9fiants en\u00a02022 et\u00a02023. Le second, \u00e2g\u00e9 de 24\u00a0ans, a <strong>d\u00e9j\u00e0 \u00e9t\u00e9 condamn\u00e9 cinq fois<\/strong>, dont deux fois pour trafic de stup\u00e9fiants en\u00a02020 et\u00a02022.<\/p>\n<p class=\" wall-content\">Leur <strong>oncle<\/strong>, \u00e2g\u00e9 de 46\u00a0ans, en fait aussi partie. Son domicile servait de <strong>laboratoire de coupe<\/strong>, <strong>de lieu de conditionnement et de stockage de stup\u00e9fiants et d\u2019armes<\/strong>. Son casier judiciaire fait mention de <strong>huit condamnations<\/strong> entre\u00a02008 et\u00a02004. Pour d\u00e9lits routiers essentiellement, mais aussi pour d\u00e9tention et usage de stup\u00e9fiants en 2008 et d\u00e9tention d\u2019arme de cat\u00e9gorie B et C en 2024.<\/p>\n<p>L\u2019homme charg\u00e9 de la recharge des points de deal d\u00e9j\u00e0 condamn\u00e9 11\u00a0fois<\/p>\n<p class=\" wall-content\">On compte \u00e9galement un homme de 27\u00a0ans, soup\u00e7onn\u00e9 d\u2019\u00eatre leur <strong>lieutenant<\/strong>, <strong>charg\u00e9 de la recharge des points de deal et de la collecte des fonds<\/strong>. Son casier judiciaire porte trace de <strong>onze condamnations<\/strong>, principalement pour violences, acte d\u2019intimidation, outrage et r\u00e9bellion.<\/p>\n<p class=\" wall-content\">Mais aussi un homme de 28\u00a0ans, soup\u00e7onn\u00e9 d\u2019avoir fourni <strong>un appui logistique<\/strong> en entreposant des stup\u00e9fiants et en louant les v\u00e9hicules utilis\u00e9s par les deux fr\u00e8res. Selon M. Capin-Dulhoste, son casier judiciaire comporte <strong>deux mentions<\/strong>, entre 2016 et 2021, pour circulation sans assurance et refus d\u2019obtemp\u00e9rer par conducteur de v\u00e9hicule.<\/p>\n<p>Votre r\u00e9gion, votre actu !<\/p>\n<p>Recevez chaque jour les infos qui comptent pour vous.<\/p>\n<p>\t<a href=\"https:\/\/actu.fr\/newsletter\" class=\"ac-btn ac-btn--corner ac-btn--medium ac-btn--blue800\" rel=\"nofollow noopener\" target=\"_blank\">S&rsquo;incrire<\/a><br \/>\nUne ancienne \u00ab\u2009nourrice\u2009\u00bb d\u00e9f\u00e9r\u00e9e<\/p>\n<p class=\" wall-content\">Toujours au sein du communiqu\u00e9 de presse, l\u2019on apprend qu\u2019un homme de 56\u00a0ans, <strong>ancienne \u00ab\u2009nourrice\u2009\u00bb et point de repli des t\u00eates de r\u00e9seau<\/strong>, est d\u00e9f\u00e9r\u00e9 ce jour, mais poursuivi par comparution sur reconnaissance pr\u00e9alable de culpabilit\u00e9.<\/p>\n<p class=\" wall-content\">Son casier judiciaire fait \u00e9tat de <strong>cinq mentions<\/strong>, entre\u00a01992 et\u00a02020. Notamment, en 1997, pour offre ou cession en vue de sa consommation personnelle et usage de stup\u00e9fiants en\u00a02003 et\u00a02020.<\/p>\n<p>Trois gardes \u00e0 vue lev\u00e9es sans suite<\/p>\n<p class=\" wall-content\">Une <strong>proc\u00e9dure incidente<\/strong> a \u00e9galement \u00e9t\u00e9 ouverte pour un individu d\u00e9couvert dans l\u2019un des appartements de repli des vendeurs, o\u00f9 se trouvaient <strong>num\u00e9raire et stup\u00e9fiants<\/strong>, lors des interpellations. \u00c2g\u00e9 de 23\u00a0ans, il a <strong>d\u00e9j\u00e0 \u00e9t\u00e9 condamn\u00e9 pour violence et usage de stup\u00e9fiants<\/strong>. Il est, lui aussi, d\u00e9f\u00e9r\u00e9 dans le cadre d\u2019une comparution sur reconnaissance pr\u00e9alable de culpabilit\u00e9.<\/p>\n<p class=\" wall-content\">S\u2019agissant des trois autres individus, les gardes \u00e0 vue ont \u00e9t\u00e9 <strong>lev\u00e9es sans suite<\/strong>.<\/p>\n<p>Les deux fr\u00e8res soup\u00e7onn\u00e9s d\u2019\u00eatre \u00e0 la t\u00eate d\u2019un important point de deal<\/p>\n<p class=\" wall-content\">Pour rappel, les deux fr\u00e8res sont suspect\u00e9s d\u2019avoir organis\u00e9 un \u00ab<strong>\u2009point de deal<\/strong>\u2009\u00bb qui pouvait \u00ab\u2009rapporter<strong> environ 8\u2009000\u00a0euros par jour<\/strong>\u2009\u00bb.<\/p>\n<p class=\" wall-content\">Au total,<strong> 95 policiers<\/strong> ont \u00e9t\u00e9 mobilis\u00e9s pour l\u2019op\u00e9ration. Les perquisitions effectu\u00e9es dans les domiciles et les v\u00e9hicules des mis en cause ont permis de d\u00e9couvrir <strong>15,7\u00a0kg d\u2019h\u00e9ro\u00efne<\/strong>, <strong>4\u00a0kg de coca\u00efne<\/strong> et <strong>10\u00a0kg de cannabis<\/strong> d\u2019une <strong>valeur approximative de 500\u2009000\u00a0euros<\/strong>.<\/p>\n<p class=\" wall-content\">Les forces de l\u2019ordre ont aussi saisi <strong>plus de 41\u2009000\u00a0euros<\/strong>, des <strong>armes<\/strong>, soit un <strong>pistolet 9\u00a0mm<\/strong>, un <strong>fusil \u00e0 pompe<\/strong> et un <strong>pistolet mitrailleur<\/strong>, de m\u00eame que des <strong>v\u00eatements<\/strong> ou <strong>accessoires de marque<\/strong>, poss\u00e9d\u00e9s par les deux fr\u00e8res, <strong>estim\u00e9s \u00e0 ce stade \u00e0 pr\u00e8s de 100\u2009000\u00a0euros<\/strong>.<\/p>\n<p class=\" wall-content\">Personnalisez votre actualit\u00e9 en ajoutant vos villes et m\u00e9dias en favori avec <a href=\"https:\/\/moncompte.actu.fr\" title=\"D\u00e9couvez Mon Actu\" rel=\"nofollow noopener\" data-trk=\"{&quot;cta&quot;:{&quot;action&quot;:&quot;https:\\\/\\\/moncompte.actu.fr&quot;,&quot;category&quot;:&quot;mon compte&quot;,&quot;from&quot;:&quot;article footer&quot;,&quot;name&quot;:&quot;Mon actu&quot;,&quot;type&quot;:&quot;cta&quot;}}\" target=\"_blank\">Mon Actu<\/a>.<\/p>\n","protected":false},"excerpt":{"rendered":"Par Amandine Mehl Publi\u00e9 le 21 nov. 2025 \u00e0 14h15 Un vaste trafic de drogues, install\u00e9 au 3&hellip;\n","protected":false},"author":2,"featured_media":549767,"comment_status":"","ping_status":"","sticky":false,"template":"","format":"standard","meta":{"footnotes":""},"categories":[9635],"tags":[1111,11,1052,1777,674,118,1011,27,775,1702,12,1072,25],"class_list":{"0":"post-549766","1":"post","2":"type-post","3":"status-publish","4":"format-standard","5":"has-post-thumbnail","7":"category-nancy","8":"tag-actu","9":"tag-actualites","10":"tag-drogue","11":"tag-eu","12":"tag-europe","13":"tag-faits-divers","14":"tag-fr","15":"tag-france","16":"tag-grand-est","17":"tag-nancy","18":"tag-news","19":"tag-police","20":"tag-republique-francaise"},"share_on_mastodon":{"url":"https:\/\/pubeurope.com\/@fr\/115589449213018994","error":""},"_links":{"self":[{"href":"https:\/\/www.europesays.com\/fr\/wp-json\/wp\/v2\/posts\/549766","targetHints":{"allow":["GET"]}}],"collection":[{"href":"https:\/\/www.europesays.com\/fr\/wp-json\/wp\/v2\/posts"}],"about":[{"href":"https:\/\/www.europesays.com\/fr\/wp-json\/wp\/v2\/types\/post"}],"author":[{"embeddable":true,"href":"https:\/\/www.europesays.com\/fr\/wp-json\/wp\/v2\/users\/2"}],"replies":[{"embeddable":true,"href":"https:\/\/www.europesays.com\/fr\/wp-json\/wp\/v2\/comments?post=549766"}],"version-history":[{"count":0,"href":"https:\/\/www.europesays.com\/fr\/wp-json\/wp\/v2\/posts\/549766\/revisions"}],"wp:featuredmedia":[{"embeddable":true,"href":"https:\/\/www.europesays.com\/fr\/wp-json\/wp\/v2\/media\/549767"}],"wp:attachment":[{"href":"https:\/\/www.europesays.com\/fr\/wp-json\/wp\/v2\/media?parent=549766"}],"wp:term":[{"taxonomy":"category","embeddable":true,"href":"https:\/\/www.europesays.com\/fr\/wp-json\/wp\/v2\/categories?post=549766"},{"taxonomy":"post_tag","embeddable":true,"href":"https:\/\/www.europesays.com\/fr\/wp-json\/wp\/v2\/tags?post=549766"}],"curies":[{"name":"wp","href":"https:\/\/api.w.org\/{rel}","templated":true}]}}