{"id":549770,"date":"2025-11-21T19:57:14","date_gmt":"2025-11-21T19:57:14","guid":{"rendered":"https:\/\/www.europesays.com\/fr\/549770\/"},"modified":"2025-11-21T19:57:14","modified_gmt":"2025-11-21T19:57:14","slug":"valerie-rialland-officialise-sa-campagne-municipale-au-pradet","status":"publish","type":"post","link":"https:\/\/www.europesays.com\/fr\/549770\/","title":{"rendered":"Val\u00e9rie Rialland officialise sa campagne municipale au Pradet"},"content":{"rendered":"<p class=\"fs-5 \">\u00ab Je suis pr\u00eate depuis trois ans, et je suis heureuse de pouvoir enfin l\u2019annoncer : j\u2019ai d\u00e9cid\u00e9 d\u2019\u00eatre candidate aux \u00e9lections municipales. \u00bb<\/p>\n<p class=\"fs-5 \">Engag\u00e9e dans la vie politique au Pradet depuis 2007, Val\u00e9rie Rialland a choisi de conduire une liste en son nom. Pour rappel, l\u2019actuelle \u00e9lue d\u2019opposition appartenait encore \u00e0 la majorit\u00e9 municipale jusqu\u2019en 2022, ann\u00e9e o\u00f9 elle a d\u00e9cid\u00e9 de prendre ses distances et rejoindre l\u2019opposition. \u00ab Je ne me retrouvais plus dans les valeurs d\u00e9fendues ni dans la mani\u00e8re dont le maire actuel conduisait l\u2019action publique. Il a rejoint un parti et gouvern\u00e9 de mani\u00e8re trop centralis\u00e9e. Ce n\u2019est pas pour cela que nous avions \u00e9t\u00e9 \u00e9lus. \u00bb<\/p>\n<p>                                                                                S\u00e9curit\u00e9, identit\u00e9, \u00e9galit\u00e9, finances&#8230; les priorit\u00e9s du programme<\/p>\n<p class=\"fs-5 \">Aujourd\u2019hui, cette professeure de biologie au lyc\u00e9e Bonaparte de Toulon l\u2019affirme : elle portera \u00ab une politique de rupture, fond\u00e9e sur le partage et l\u2019\u00e9change. Les Prad\u00e9tans m\u00e9ritent mieux. Depuis trois ans, avec l\u2019association Pour les Prad\u00e9tans (PLP), nous allons \u00e0 la rencontre des habitants et connaissons leurs attentes. \u00bb<\/p>\n<p class=\"fs-5 \">Si son programme complet et la composition de sa liste seront d\u00e9voil\u00e9s dans les prochaines semaines, Val\u00e9rie Rialland pr\u00e9sente d\u00e9j\u00e0 quelques orientations qu\u2019elle d\u00e9veloppera pendant la campagne. \u00ab Ce sera une liste de droite rassembl\u00e9e. En premier lieu, nous proposerons des mesures sur la s\u00e9curit\u00e9. M\u00eame si notre commune est agr\u00e9able, il ne faut pas ignorer les faits : les vols, agressions, cambriolages et escroqueries envers les personnes vuln\u00e9rables augmentent. Je souhaite une s\u00e9curit\u00e9 pr\u00e9ventive, visible et pragmatique \u00bb.<\/p>\n<p class=\"fs-5 \">Parmi les autres points abord\u00e9s, la candidate entend pr\u00e9server l\u2019identit\u00e9 du Pradet et proposer un projet diff\u00e9rent de celui men\u00e9 actuellement concernant le port des Oursini\u00e8res.<\/p>\n<p class=\"fs-5 \">Sur la question financi\u00e8re, elle d\u00e9fend \u00ab un budget clair et transparent. Il manque aujourd\u2019hui une direction, des priorit\u00e9s. \u00bb Enfin, son programme portera \u00e9galement sur l\u2019inclusion, l\u2019\u00e9galit\u00e9 femmes-hommes et une meilleure place accord\u00e9e aux animaux. \u00ab Je veux faire du Pradet une commune amie des animaux, avec davantage d\u2019espaces verts et de v\u00e9ritables lieux d\u2019accueil pour eux. \u00bb<\/p>\n<p>                                                                                \u00ab Un engagement personnel et collectif \u00bb<\/p>\n<p class=\"fs-5 \">Si Val\u00e9rie Rialland partage d\u00e9j\u00e0 quelques lignes directrices, sa campagne reposera sur plusieurs th\u00e8mes qui lui sont chers. \u00ab Mon engagement est tout d\u2019abord personnel, parce que je me sens chez moi au Pradet depuis mon arriv\u00e9e il y a 25 ans. J\u2019y ai fond\u00e9 ma famille, mes trois enfants y ont grandi, et je souhaite m\u2019investir pleinement pour tous les habitants du village. Mais c\u2019est aussi un engagement collectif que je m\u00e8ne avec des personnes impliqu\u00e9es. Nous sommes tous guid\u00e9s par une volont\u00e9 de clart\u00e9, d\u2019action et de courage. Je promets de rester fid\u00e8le \u00e0 nos racines, d\u2019apporter du renouveau, de servir la commune avant tout, d\u2019\u00eatre exemplaire et de gouverner dans l\u2019\u00e9coute. \u00bb<\/p>\n<p class=\"fs-5 \">La candidate et son \u00e9quipe entendent poursuivre leurs rencontres avec les Prad\u00e9tans. Depuis quelques semaines, les op\u00e9rations de porte-\u00e0-porte se multiplient pour informer sur leurs ambitions. \u00ab Ce que je veux, c\u2019est privil\u00e9gier la proximit\u00e9 \u00bb, insiste Val\u00e9rie Rialland, qui pr\u00e9voit \u00e9galement d\u2019organiser plusieurs meetings durant sa campagne. Prochaine \u00e9tape de cette course aux municipales : l\u2019inauguration de sa permanence le 6 d\u00e9cembre prochain.<\/p>\n<p class=\"fs-5 \">1. Adresse permanence : 135 avenue de la 1re D.F.L., Le Pradet.<\/p>\n","protected":false},"excerpt":{"rendered":"\u00ab Je suis pr\u00eate depuis trois ans, et je suis heureuse de pouvoir enfin l\u2019annoncer : j\u2019ai d\u00e9cid\u00e9&hellip;\n","protected":false},"author":2,"featured_media":549771,"comment_status":"","ping_status":"","sticky":false,"template":"","format":"standard","meta":{"footnotes":""},"categories":[9619],"tags":[1111,11,1777,674,1011,27,3434,12,882,25,2310],"class_list":{"0":"post-549770","1":"post","2":"type-post","3":"status-publish","4":"format-standard","5":"has-post-thumbnail","7":"category-toulon","8":"tag-actu","9":"tag-actualites","10":"tag-eu","11":"tag-europe","12":"tag-fr","13":"tag-france","14":"tag-municipales-2026","15":"tag-news","16":"tag-provence-alpes-cote-dazur","17":"tag-republique-francaise","18":"tag-toulon"},"share_on_mastodon":{"url":"https:\/\/pubeurope.com\/@fr\/115589457132574319","error":""},"_links":{"self":[{"href":"https:\/\/www.europesays.com\/fr\/wp-json\/wp\/v2\/posts\/549770","targetHints":{"allow":["GET"]}}],"collection":[{"href":"https:\/\/www.europesays.com\/fr\/wp-json\/wp\/v2\/posts"}],"about":[{"href":"https:\/\/www.europesays.com\/fr\/wp-json\/wp\/v2\/types\/post"}],"author":[{"embeddable":true,"href":"https:\/\/www.europesays.com\/fr\/wp-json\/wp\/v2\/users\/2"}],"replies":[{"embeddable":true,"href":"https:\/\/www.europesays.com\/fr\/wp-json\/wp\/v2\/comments?post=549770"}],"version-history":[{"count":0,"href":"https:\/\/www.europesays.com\/fr\/wp-json\/wp\/v2\/posts\/549770\/revisions"}],"wp:featuredmedia":[{"embeddable":true,"href":"https:\/\/www.europesays.com\/fr\/wp-json\/wp\/v2\/media\/549771"}],"wp:attachment":[{"href":"https:\/\/www.europesays.com\/fr\/wp-json\/wp\/v2\/media?parent=549770"}],"wp:term":[{"taxonomy":"category","embeddable":true,"href":"https:\/\/www.europesays.com\/fr\/wp-json\/wp\/v2\/categories?post=549770"},{"taxonomy":"post_tag","embeddable":true,"href":"https:\/\/www.europesays.com\/fr\/wp-json\/wp\/v2\/tags?post=549770"}],"curies":[{"name":"wp","href":"https:\/\/api.w.org\/{rel}","templated":true}]}}