{"id":549776,"date":"2025-11-21T20:00:26","date_gmt":"2025-11-21T20:00:26","guid":{"rendered":"https:\/\/www.europesays.com\/fr\/549776\/"},"modified":"2025-11-21T20:00:26","modified_gmt":"2025-11-21T20:00:26","slug":"exclu-midol-transferts-top-14-auguste-cadot-va-prolonger-a-montpellier","status":"publish","type":"post","link":"https:\/\/www.europesays.com\/fr\/549776\/","title":{"rendered":"Exclu Midol. Transferts \/ Top 14 \u2013 Auguste Cadot va prolonger \u00e0 Montpellier"},"content":{"rendered":"<p>\n                En fin de contrat dans l\u2019H\u00e9rault au mois de juin prochain, le jeune trois-quarts centre Auguste Cadot va poursuivre l\u2019aventure au MHR.\n            <\/p>\n<p dir=\"ltr\"><strong><a href=\"https:\/\/www.rugbyrama.fr\/equipe\/montpellier\/\" target=\"_self\" rel=\"nofollow noopener\">L\u2019histoire entre Auguste Cadot et Montpellier <\/a><\/strong>va se poursuivre. Alors qu\u2019il arrivait en fin de contrat au mois de juin prochain, le jeune trois-quarts centre a r\u00e9cemment trouv\u00e9 un accord avec ses dirigeants pour rester au club. Un nouveau contrat de deux ans doit ainsi \u00eatre paraph\u00e9 d\u2019ici peu.<\/p>\n<p class=\"std-elt__inline\">\n        <strong>\u00c0 lire aussi :<\/strong><br \/>\n        <a href=\"https:\/\/www.rugbyrama.fr\/2025\/11\/20\/transferts-top-14-adrien-seguret-robin-taccola-justo-piccardo-les-trois-quarts-centres-affolent-le-marche-13063466.php\" rel=\"nofollow noopener\" target=\"_blank\">Transferts \/ Top 14 &#8211; Adrien S\u00e9guret, Robin Taccola, Justo Piccardo&#8230; Les trois-quarts centres affolent le march\u00e9<\/a>\n    <\/p>\n<p>Titulaire en puissance cette saison<\/p>\n<p dir=\"ltr\">Lanc\u00e9 dans le monde professionnel \u00e0 Biarritz, o\u00f9 il a jou\u00e9 de 2019 \u00e0 2023, Cadot s\u2019est vite fait une place dans l\u2019effectif du MHR. L\u2019an pass\u00e9, il a particip\u00e9 \u00e0 20 rencontres de Top 14 (14 titularisations). Cette saison, il a \u00e9t\u00e9 titulaire lors des six matchs qu\u2019il a jou\u00e9s. Samedi face \u00e0 Perpignan, il sera \u00e0 nouveau align\u00e9 d\u2019entr\u00e9e. Le gar\u00e7on, capable de jouer douze ou treize, fait aussi partie de <strong><a href=\"https:\/\/www.rugbyrama.fr\/2025\/10\/21\/rugby-a-7-esteban-capilla-gregoire-arfeuil-temo-matiu-la-liste-des-joueurs-mis-a-disposition-de-france-7-en-vue-des-jeux-2028-13005892.php\" target=\"_self\" rel=\"nofollow noopener\">la liste \u201cObjectif 2028\u201d, destin\u00e9e \u00e0 soutenir le projet olympique de 2028<\/a><\/strong>.<\/p>\n<p dir=\"ltr\">Par ricochet, sa prolongation devrait avoir un impact sur la piste menant \u00e0 Robin Taccola. Comme indiqu\u00e9 en d\u00e9but de semaine, le centre de Vannes \u00e9tait suivi de pr\u00e8s par le MHR. Il avait m\u00eame visit\u00e9 les installations du club lundi. Ces derni\u00e8res heures, avec le nouveau bail propos\u00e9 \u00e0 Cadot, cette piste s\u2019est refroidie. Enfin, au poste de centre \u00e0 Montpellier, le cas de Thomas Darmon est toujours en suspens.<\/p>\n","protected":false},"excerpt":{"rendered":"En fin de contrat dans l\u2019H\u00e9rault au mois de juin prochain, le jeune trois-quarts centre Auguste Cadot va&hellip;\n","protected":false},"author":2,"featured_media":549777,"comment_status":"","ping_status":"","sticky":false,"template":"","format":"standard","meta":{"footnotes":""},"categories":[9599],"tags":[1111,11,1777,674,1011,27,2208,12,2680,25],"class_list":{"0":"post-549776","1":"post","2":"type-post","3":"status-publish","4":"format-standard","5":"has-post-thumbnail","7":"category-montpellier","8":"tag-actu","9":"tag-actualites","10":"tag-eu","11":"tag-europe","12":"tag-fr","13":"tag-france","14":"tag-montpellier","15":"tag-news","16":"tag-occitanie","17":"tag-republique-francaise"},"share_on_mastodon":{"url":"https:\/\/pubeurope.com\/@fr\/115589468899882929","error":""},"_links":{"self":[{"href":"https:\/\/www.europesays.com\/fr\/wp-json\/wp\/v2\/posts\/549776","targetHints":{"allow":["GET"]}}],"collection":[{"href":"https:\/\/www.europesays.com\/fr\/wp-json\/wp\/v2\/posts"}],"about":[{"href":"https:\/\/www.europesays.com\/fr\/wp-json\/wp\/v2\/types\/post"}],"author":[{"embeddable":true,"href":"https:\/\/www.europesays.com\/fr\/wp-json\/wp\/v2\/users\/2"}],"replies":[{"embeddable":true,"href":"https:\/\/www.europesays.com\/fr\/wp-json\/wp\/v2\/comments?post=549776"}],"version-history":[{"count":0,"href":"https:\/\/www.europesays.com\/fr\/wp-json\/wp\/v2\/posts\/549776\/revisions"}],"wp:featuredmedia":[{"embeddable":true,"href":"https:\/\/www.europesays.com\/fr\/wp-json\/wp\/v2\/media\/549777"}],"wp:attachment":[{"href":"https:\/\/www.europesays.com\/fr\/wp-json\/wp\/v2\/media?parent=549776"}],"wp:term":[{"taxonomy":"category","embeddable":true,"href":"https:\/\/www.europesays.com\/fr\/wp-json\/wp\/v2\/categories?post=549776"},{"taxonomy":"post_tag","embeddable":true,"href":"https:\/\/www.europesays.com\/fr\/wp-json\/wp\/v2\/tags?post=549776"}],"curies":[{"name":"wp","href":"https:\/\/api.w.org\/{rel}","templated":true}]}}