{"id":549790,"date":"2025-11-21T20:08:39","date_gmt":"2025-11-21T20:08:39","guid":{"rendered":"https:\/\/www.europesays.com\/fr\/549790\/"},"modified":"2025-11-21T20:08:39","modified_gmt":"2025-11-21T20:08:39","slug":"pres-de-3-ans-apres-lincendie-la-maison-mimir-a-un-nouveau-local","status":"publish","type":"post","link":"https:\/\/www.europesays.com\/fr\/549790\/","title":{"rendered":"pr\u00e8s de 3 ans apr\u00e8s l\u2019incendie, la Maison Mimir a un nouveau local"},"content":{"rendered":"<p>    <img loading=\"lazy\" width=\"1800\" height=\"900\" src=\"https:\/\/www.europesays.com\/fr\/wp-content\/uploads\/2025\/11\/jeanne-callthepolice.jpg\" class=\"attachment-full size-full\" alt=\"\" id=\"imageLove\" decoding=\"async\"  \/><\/p>\n<p id=\"breadcrumbs\"><a href=\"https:\/\/pokaa.fr\/\" target=\"_blank\" rel=\"noopener\">Accueil<\/a> \/ <a href=\"https:\/\/pokaa.fr\/categories\/actu\/\" target=\"_blank\" rel=\"noopener\">Info locale<\/a> \/ Strasbourg-Krutenau : pr\u00e8s de 3 ans apr\u00e8s l\u2019incendie, la Maison Mimir a un nouveau local<\/p>\n<p>                    Info locale<\/p>\n<p><strong>Pr\u00e8s de trois ans apr\u00e8s l\u2019incendie qui a ravag\u00e9 les locaux de la Maison Mimir \u00e0 la Krutenau, le centre associatif a rouvert ses portes \u00e0 Strasbourg dans un nouveau lieu le 12 novembre dernier. Zoom sur le renouveau de l\u2019association, qui aide notamment les personnes pr\u00e9caires.\u00a0<\/strong><\/p>\n<p>Le 9 f\u00e9vrier 2023 restera <strong>une date noire dans l\u2019histoire de la Maison Mimir<\/strong>. Il y a pr\u00e8s de trois ans, <a href=\"https:\/\/pokaa.fr\/2023\/02\/10\/la-liberte-qui-part-en-fumee-quelle-suite-pour-la-maison-mimir-detruite-hier-par-les-flammes\/\" target=\"_blank\" rel=\"noopener\"><strong>un incendie se d\u00e9clare dans les locaux de l\u2019association<\/strong><\/a>, rue Prechter (Krutenau). Rapidement, <strong>les flammes emportent le lieu culturel et associatif<\/strong> situ\u00e9 juste derri\u00e8re les Bains municipaux, ne faisant <strong>heureusement aucun(e) bless\u00e9(e).\u00a0<\/strong><\/p>\n<p>\u00c0 l\u2019\u00e9poque, la d\u00e9cision de la d\u00e9molition du b\u00e2timent est prise rapidement pour des questions de s\u00e9curit\u00e9. <strong>La Maison Mimir perd son foyer.\u00a0<\/strong><\/p>\n<p>                <img width=\"898\" height=\"500\" src=\"https:\/\/www.europesays.com\/fr\/wp-content\/uploads\/2025\/11\/incendie-maison-mimir-898x500.png\" class=\"attachment-gallery size-gallery\" alt=\"incendie maison mimir\" data-full-url=\"https:\/\/pokaa.fr\/wp-content\/uploads\/2023\/02\/incendie-maison-mimir.png\" decoding=\"async\" loading=\"lazy\"  \/>            <\/p>\n<p>                <img width=\"752\" height=\"500\" src=\"https:\/\/www.europesays.com\/fr\/wp-content\/uploads\/2025\/10\/230209-pka-incendie-maison-mimir-9-752x500.jpg\" class=\"attachment-gallery size-gallery\" alt=\"Maison Mimir Incendie destruction\" data-full-url=\"https:\/\/pokaa.fr\/wp-content\/uploads\/2023\/02\/230209-pka-incendie-maison-mimir-9.jpg\" decoding=\"async\" loading=\"lazy\"  \/>            <\/p>\n<p>                <img width=\"752\" height=\"500\" src=\"https:\/\/www.europesays.com\/fr\/wp-content\/uploads\/2025\/11\/230209-pka-incendie-maison-mimir-13-752x500.jpg\" class=\"attachment-gallery size-gallery\" alt=\"Maison Mimir Incendie destruction\" data-full-url=\"https:\/\/pokaa.fr\/wp-content\/uploads\/2023\/02\/230209-pka-incendie-maison-mimir-13.jpg\" decoding=\"async\" loading=\"lazy\"  \/>            <\/p>\n<p>                <img width=\"752\" height=\"500\" src=\"https:\/\/www.europesays.com\/fr\/wp-content\/uploads\/2025\/11\/230209-pka-incendie-maison-mimir-6-752x500.jpg\" class=\"attachment-gallery size-gallery\" alt=\"Maison Mimir Incendie destruction\" data-full-url=\"https:\/\/pokaa.fr\/wp-content\/uploads\/2023\/02\/230209-pka-incendie-maison-mimir-6.jpg\" decoding=\"async\" loading=\"lazy\"  \/>            <\/p>\n<p>                    1. \u00a9 Camille Balzinger \/ Pokaa ; 2. \u00e0 4. \u00a9 Adrien Labit \/ Pokaa<\/p>\n<p>                <img width=\"667\" height=\"500\" src=\"https:\/\/www.europesays.com\/fr\/wp-content\/uploads\/2025\/11\/img-6492-667x500.jpeg\" class=\"attachment-gallery size-gallery\" alt=\"Maison Mimir incendie cour (\u00a9 Camille Balzinger \/ Pokaa)\" data-full-url=\"https:\/\/pokaa.fr\/wp-content\/uploads\/2023\/02\/img-6492-1500x1125.jpeg\" decoding=\"async\" loading=\"lazy\"  \/>            <\/p>\n<p>                <img width=\"667\" height=\"500\" src=\"https:\/\/www.europesays.com\/fr\/wp-content\/uploads\/2025\/11\/img-6491-667x500.jpeg\" class=\"attachment-gallery size-gallery\" alt=\"Maison Mimir incendie cour (\u00a9 Camille Balzinger \/ Pokaa)\" data-full-url=\"https:\/\/pokaa.fr\/wp-content\/uploads\/2023\/02\/img-6491-1500x1125.jpeg\" decoding=\"async\" loading=\"lazy\"  \/>            <\/p>\n<p>                    \u00a9 Camille Balzinger \/ Pokaa<\/p>\n<p>Ne pas abandonner, face \u00e0 la pr\u00e9carit\u00e9<\/p>\n<p>Pour autant, l\u2019\u00e2me de <strong>ce lieu alternatif, autog\u00e9r\u00e9 et solidaire<\/strong>\u00a0persiste et <strong>les b\u00e9n\u00e9voles n\u2019abdiquent pas<\/strong>. Pendant presque trois ans, l\u2019association a fait de son mieux pour faire perdurer ses activit\u00e9s,<strong> en attendant de trouver un nouveau lieu d\u2019accueil<\/strong> \u00e0 la hauteur de ses besoins et ambitions.<\/p>\n<p>    <img width=\"800\" height=\"533\" src=\"https:\/\/www.europesays.com\/fr\/wp-content\/uploads\/2025\/11\/mimir-2.jpg\" class=\"attachment-image-size-L size-image-size-L\" alt=\"musique musicien artiste\" decoding=\"async\" loading=\"lazy\"  \/>         La Maison Mimir organise notamment des \u00e9v\u00e9nements musicaux. \u00a9 Martin Leli\u00e8vre \/ Pokaa <\/p>\n<p>Depuis le 12 novembre, c\u2019est chose faite.<strong> \u00ab\u00a0La Mine\u00a0\u00bb, aka la Mimine,<\/strong> est d\u00e9sormais utilis\u00e9e par l\u2019association au 2 rue de l\u2019Acad\u00e9mie, toujours au c\u0153ur du quartier de la Krutenau, <strong>dans les anciens locaux d\u2019une annexe de la Haute \u00e9cole des arts du Rhin (HEAR).\u00a0<\/strong><\/p>\n<p><strong>Une installation temporaire pour l\u2019association strasbourgeoise<\/strong>, qui devra rendre les cl\u00e9s des locaux \u00e0 la Ville de Strasbourg au printemps 2026. Pour autant, c\u2019est une nouvelle \u00e9tape qui devrait <strong>permettre \u00e0 la Maison Mimir de reprendre davantage d\u2019activit\u00e9s, notamment dans l\u2019aide aux personnes pr\u00e9caires en cette fin d\u2019ann\u00e9e.\u00a0<\/strong><\/p>\n<p>    <img width=\"800\" height=\"533\" src=\"https:\/\/www.europesays.com\/fr\/wp-content\/uploads\/2025\/11\/mimir-10.jpg\" class=\"attachment-image-size-L size-image-size-L\" alt=\"mimir (10)\" decoding=\"async\" loading=\"lazy\"  \/>         \u00a9 Martin Leli\u00e8vre \/ Pokaa <\/p>\n<p>Sur Facebook, la Maison Mimir se r\u00e9jouit de cette nouvelle : c\u2019est \u00ab un lieu avec de l\u2019eau courante, de l\u2019\u00e9lectricit\u00e9, une salle, un bar, une petite cuisine\u2026 <strong>De quoi accueillir et organiser vos id\u00e9es<\/strong>, toujours \u00e0 prix libre ou gratuitement. \u00bb<\/p>\n<p>Une reprise en douceur avant le retour d&rsquo;un programme charg\u00e9<\/p>\n<p>Le centre associatif, impatient de reprendre du service, <strong>n\u2019a pas perdu de temps pour relancer son programme.<\/strong> Le jeudi 20 novembre, <strong>le Barakawa, un bar sans alcool \u00e0 prix libre, a d\u00e9j\u00e0 sign\u00e9 son retour \u00e0 la Mimine <\/strong>(il sera aussi organis\u00e9 le 27 novembre).<\/p>\n<p>Quelques jours plus tard, le 4 d\u00e9cembre, <strong>l\u2019association accueillera une soir\u00e9e de soutien<\/strong> \u00ab \u00e0 la lutte antinucl\u00e9aire de Bure et contre l\u2019expulsion de la gare de Lum\u00e9ville \u00bb.<\/p>\n<p>    <img width=\"800\" height=\"532\" src=\"https:\/\/www.europesays.com\/fr\/wp-content\/uploads\/2025\/11\/230209-pka-incendie-maison-mimir-12-800x532.jpg\" class=\"attachment-image-size-L size-image-size-L\" alt=\"Maison Mimir Incendie destruction\" decoding=\"async\" loading=\"lazy\"  \/>         \u00a9 Adrien Labit \/ Pokaa <\/p>\n<p>Vous l\u2019avez compris, tout semble d\u00e9sormais en ordre pour que<strong> la Maison Mimir relance ses activit\u00e9s \u00e0 plein r\u00e9gime <\/strong>et le programme des prochains mois s\u2019annonce d\u00e9j\u00e0 charg\u00e9.<\/p>\n<p><strong>Pour retrouver le d\u00e9tail de cette programmation<\/strong>, l\u2019asso strasbourgeoise communique r\u00e9guli\u00e8rement <strong>sur ses r\u00e9seaux sociaux. \u00c0 not\u00e9 \u00e9galement : <\/strong>l\u2019ancien site, rue Prechter, <strong>devrait encore accueillir des \u00e9v\u00e9nements<\/strong> dans les prochains mois.<\/p>\n<p style=\"text-align: center;\"><strong><a href=\"https:\/\/azqs.com\/maison-mimir\/category\/actualites\/\" target=\"_blank\" rel=\"noopener\">Le site web de la Maison Mihir<\/a><br \/><\/strong><a href=\"https:\/\/www.facebook.com\/Maisonmimir\/?locale=fr_FR\" target=\"_blank\" rel=\"noopener\"><strong>Son compte Facebook<\/strong><\/a><br \/><strong><a href=\"https:\/\/www.instagram.com\/maison.mimir\/\" target=\"_blank\" rel=\"noopener\">Sa page Instagram<\/a><\/strong><\/p>\n<p><script async src=\"\/\/www.instagram.com\/embed.js\"><\/script><\/p>\n","protected":false},"excerpt":{"rendered":"Accueil \/ Info locale \/ Strasbourg-Krutenau : pr\u00e8s de 3 ans apr\u00e8s l\u2019incendie, la Maison Mimir a un&hellip;\n","protected":false},"author":2,"featured_media":549791,"comment_status":"","ping_status":"","sticky":false,"template":"","format":"standard","meta":{"footnotes":""},"categories":[2820],"tags":[1111,11,1777,674,1011,27,775,1310,66722,12,10181,25,640,58524],"class_list":{"0":"post-549790","1":"post","2":"type-post","3":"status-publish","4":"format-standard","5":"has-post-thumbnail","7":"category-strasbourg","8":"tag-actu","9":"tag-actualites","10":"tag-eu","11":"tag-europe","12":"tag-fr","13":"tag-france","14":"tag-grand-est","15":"tag-incendie","16":"tag-maison-mimir","17":"tag-news","18":"tag-precarite","19":"tag-republique-francaise","20":"tag-strasbourg","21":"tag-strasbourg-actualite"},"share_on_mastodon":{"url":"https:\/\/pubeurope.com\/@fr\/115589502915055780","error":""},"_links":{"self":[{"href":"https:\/\/www.europesays.com\/fr\/wp-json\/wp\/v2\/posts\/549790","targetHints":{"allow":["GET"]}}],"collection":[{"href":"https:\/\/www.europesays.com\/fr\/wp-json\/wp\/v2\/posts"}],"about":[{"href":"https:\/\/www.europesays.com\/fr\/wp-json\/wp\/v2\/types\/post"}],"author":[{"embeddable":true,"href":"https:\/\/www.europesays.com\/fr\/wp-json\/wp\/v2\/users\/2"}],"replies":[{"embeddable":true,"href":"https:\/\/www.europesays.com\/fr\/wp-json\/wp\/v2\/comments?post=549790"}],"version-history":[{"count":0,"href":"https:\/\/www.europesays.com\/fr\/wp-json\/wp\/v2\/posts\/549790\/revisions"}],"wp:featuredmedia":[{"embeddable":true,"href":"https:\/\/www.europesays.com\/fr\/wp-json\/wp\/v2\/media\/549791"}],"wp:attachment":[{"href":"https:\/\/www.europesays.com\/fr\/wp-json\/wp\/v2\/media?parent=549790"}],"wp:term":[{"taxonomy":"category","embeddable":true,"href":"https:\/\/www.europesays.com\/fr\/wp-json\/wp\/v2\/categories?post=549790"},{"taxonomy":"post_tag","embeddable":true,"href":"https:\/\/www.europesays.com\/fr\/wp-json\/wp\/v2\/tags?post=549790"}],"curies":[{"name":"wp","href":"https:\/\/api.w.org\/{rel}","templated":true}]}}