{"id":549799,"date":"2025-11-21T20:16:33","date_gmt":"2025-11-21T20:16:33","guid":{"rendered":"https:\/\/www.europesays.com\/fr\/549799\/"},"modified":"2025-11-21T20:16:33","modified_gmt":"2025-11-21T20:16:33","slug":"anthony-lopes-entrevoit-deja-la-ligue-2","status":"publish","type":"post","link":"https:\/\/www.europesays.com\/fr\/549799\/","title":{"rendered":"Anthony Lopes entrevoit d\u00e9j\u00e0 la Ligue 2"},"content":{"rendered":"<p><b>Barragiste apr\u00e8s 12 journ\u00e9es de <a href=\"https:\/\/www.foot01.com\/ligue1\" title=\"Ligue 1\" rel=\"nofollow noopener\" target=\"_blank\">Ligue 1<\/a>, le FC Nantes n\u2019aura pas le droit \u00e0 l\u2019erreur face \u00e0 Lorient dimanche. Le gardien des Canaris Anthony Lopes parle d\u2019une victoire indispensable.<\/b>Le <a href=\"https:\/\/www.foot01.com\/equipe\/nantes\/\" target=\"_blank\" rel=\"nofollow noopener\">FC Nantes<\/a> n\u2019a toujours pas dig\u00e9r\u00e9. Avant la tr\u00eave internationale, les Nantais se dirigeaient vers un pr\u00e9cieux succ\u00e8s au Havre, jusqu\u2019\u00e0 l\u2019\u00e9galisation conc\u00e9d\u00e9e dans le temps additionnel (1-1). Les Canaris encha\u00eenaient ainsi un troisi\u00e8me match sans victoire et se retrouvaient barragistes de Ligue 1. De quoi alerter le gardien Anthony Lopes avant la confrontation face au concurrent direct Lorient dimanche. \u00ab C&rsquo;est un match qui peut, non pas d\u00e9cider parce qu&rsquo;il reste encore plein de matchs, mais il peut enclencher pas mal de choses pour la suite de notre championnat \u00bb, a pr\u00e9venu l\u2019ancien Lyonnais.<\/p>\n<p>\u00ab Il n&rsquo;y a pas de calcul \u00e0 faire, c&rsquo;est victoire obligatoire, a-t-il l\u00e2ch\u00e9. On est dans l&rsquo;urgence de points, clairement. On est mi-novembre. La premi\u00e8re partie de saison va bient\u00f4t toucher \u00e0 sa fin et niveau comptable, c&rsquo;est inqui\u00e9tant&#8230; Parce qu&rsquo;on est barragistes, m\u00eame si le championnat est loin d&rsquo;\u00eatre fini. On se doit de gagner dimanche, c&rsquo;est une obligation. Quand il y a eu ces trois matchs d&rsquo;affil\u00e9e, on s&rsquo;\u00e9tait donn\u00e9 un nombre de points \u00e0 r\u00e9aliser. Ce qui n&rsquo;a pas du tout \u00e9t\u00e9 fait. On ne pourra pas se rattraper. Les points perdus, on ne pourra jamais les rattraper. Mais on va essayer de faire beaucoup mieux en tout cas. \u00bb<\/p>\n<p><img decoding=\"async\" class=\"w-6 h-6\" src=\"https:\/\/www.europesays.com\/fr\/wp-content\/uploads\/2025\/09\/301.png\" alt=\"\"\/>Ligue 123 novembre 2025 \u00e0 17:15<\/p>\n<p>Plus mesur\u00e9, l\u2019entra\u00eeneur Luis Castro a transmis un message similaire, sans mettre la m\u00eame pression \u00e0 son groupe. \u00ab C&rsquo;est un match important pour les deux \u00e9quipes, c&rsquo;est clair. On n&rsquo;a pas seulement besoin de faire un bon match, on doit obtenir un bon r\u00e9sultat. S&rsquo;il y a urgence de points ? Oui, pour tout le monde. C&rsquo;\u00e9tait le cas lors de la derni\u00e8re journ\u00e9e, c&rsquo;est le cas cette semaine et \u00e7a le sera aussi le week-end prochain. On a besoin de points, on n&rsquo;est pas au classement que l&rsquo;on veut. On ne veut pas \u00eatre en bas. On va travailler pour \u00e7a. Je ne sais pas si le mot \u00ab\u00a0urgence\u00a0\u00bb est le bon, mais on a besoin d&rsquo;obtenir le plus de points possibles \u00bb, a reconnu le Portugais sachant que son \u00e9quipe affrontera ensuite l\u2019Olympique Lyonnais et Lens.<\/p>\n","protected":false},"excerpt":{"rendered":"Barragiste apr\u00e8s 12 journ\u00e9es de Ligue 1, le FC Nantes n\u2019aura pas le droit \u00e0 l\u2019erreur face \u00e0&hellip;\n","protected":false},"author":2,"featured_media":516937,"comment_status":"","ping_status":"","sticky":false,"template":"","format":"standard","meta":{"footnotes":""},"categories":[2818],"tags":[1111,11,1777,674,462,1011,27,66,766,12,2636,25],"class_list":{"0":"post-549799","1":"post","2":"type-post","3":"status-publish","4":"format-standard","5":"has-post-thumbnail","7":"category-nantes","8":"tag-actu","9":"tag-actualites","10":"tag-eu","11":"tag-europe","12":"tag-fc-nantes","13":"tag-fr","14":"tag-france","15":"tag-ligue-1","16":"tag-nantes","17":"tag-news","18":"tag-pays-de-la-loire","19":"tag-republique-francaise"},"share_on_mastodon":{"url":"https:\/\/pubeurope.com\/@fr\/115589533618345135","error":""},"_links":{"self":[{"href":"https:\/\/www.europesays.com\/fr\/wp-json\/wp\/v2\/posts\/549799","targetHints":{"allow":["GET"]}}],"collection":[{"href":"https:\/\/www.europesays.com\/fr\/wp-json\/wp\/v2\/posts"}],"about":[{"href":"https:\/\/www.europesays.com\/fr\/wp-json\/wp\/v2\/types\/post"}],"author":[{"embeddable":true,"href":"https:\/\/www.europesays.com\/fr\/wp-json\/wp\/v2\/users\/2"}],"replies":[{"embeddable":true,"href":"https:\/\/www.europesays.com\/fr\/wp-json\/wp\/v2\/comments?post=549799"}],"version-history":[{"count":0,"href":"https:\/\/www.europesays.com\/fr\/wp-json\/wp\/v2\/posts\/549799\/revisions"}],"wp:featuredmedia":[{"embeddable":true,"href":"https:\/\/www.europesays.com\/fr\/wp-json\/wp\/v2\/media\/516937"}],"wp:attachment":[{"href":"https:\/\/www.europesays.com\/fr\/wp-json\/wp\/v2\/media?parent=549799"}],"wp:term":[{"taxonomy":"category","embeddable":true,"href":"https:\/\/www.europesays.com\/fr\/wp-json\/wp\/v2\/categories?post=549799"},{"taxonomy":"post_tag","embeddable":true,"href":"https:\/\/www.europesays.com\/fr\/wp-json\/wp\/v2\/tags?post=549799"}],"curies":[{"name":"wp","href":"https:\/\/api.w.org\/{rel}","templated":true}]}}