{"id":549800,"date":"2025-11-21T20:18:47","date_gmt":"2025-11-21T20:18:47","guid":{"rendered":"https:\/\/www.europesays.com\/fr\/549800\/"},"modified":"2025-11-21T20:18:47","modified_gmt":"2025-11-21T20:18:47","slug":"rammellzee-entre-hip-hop-et-utopie-graphique","status":"publish","type":"post","link":"https:\/\/www.europesays.com\/fr\/549800\/","title":{"rendered":"Rammellzee, entre hip-hop et utopie graphique"},"content":{"rendered":"<p>\u00c9lev\u00e9 dans une famille catholique \u2013 p\u00e8re italien, m\u00e8re afro-am\u00e9ricaine \u2013 Rammellzee s\u2019immerge tr\u00e8s jeune dans la sc\u00e8ne hip-hop. \u00ab\u00a0Tr\u00e8s rapidement, il s\u2019empare de cette culture, la th\u00e9orise, la po\u00e9tise, notamment \u00e0 travers un trait\u00e9 qu\u2019il r\u00e9dige \u00e0 19\u00a0ans et autopublie\u00a0\u00bb, retrace C\u00e9dric Fauq, commissaire en chef des expositions du CAPC, qui signe cette ambitieuse pr\u00e9sentation avec Hugo Vitrani, curateur au Palais de Tokyo.<\/p>\n<p>        <img decoding=\"async\" id=\"26769459\" src=\"https:\/\/www.europesays.com\/fr\/wp-content\/uploads\/2025\/11\/20251118181724-a14a5992.jpg\" alt=\"L\u2019exposition \u00ab\u00a0Rammellzee, Alphabeta Sigma (Face B)\u00a0\u00bb est \u00e0 d\u00e9couvrir jusqu\u2019au 15\u00a0avril au CAPC mus\u00e9e d\u2019art contemporain \u00e0 Bordeaux.\" itemprop=\"contentURL\"\/><\/p>\n<p>    L\u2019exposition \u00ab\u00a0Rammellzee, Alphabeta Sigma (Face B)\u00a0\u00bb est \u00e0 d\u00e9couvrir jusqu\u2019au 15\u00a0avril au CAPC mus\u00e9e d\u2019art contemporain \u00e0 Bordeaux.<\/p>\n<p>GUILLAUME BONNAUD\u00a0\/\u00a0SO<\/p>\n<p>Le manifeste tapisse les murs de l\u2019entr\u00e9e des galeries du rez-de-chauss\u00e9e. \u00ab\u00a0Un texte fondateur, poursuit C\u00e9dric Fauq, o\u00f9 se d\u00e9ploient exercices calligraphiques et concepts qui irrigueront toute son \u0153uvre, au premier rang desquels le Gothic Futurism.\u00a0\u00bb Lequel revendique un double h\u00e9ritage entre les moines copistes m\u00e9di\u00e9vaux qui ont d\u00e9velopp\u00e9 des \u00e9critures orn\u00e9es et complexes, et le futurisme italien, qui c\u00e9l\u00e9brait vitesse, machine et guerre. Le tout pour l\u2019appliquer aux graffiti writers, ces pionniers du tag new-yorkais.<\/p>\n<p>        <img decoding=\"async\" id=\"26769335\" src=\"https:\/\/www.europesays.com\/fr\/wp-content\/uploads\/2025\/11\/1763756323_728_20251118181312-a14a6435.jpg\" alt=\"L\u2019exposition \u00ab\u00a0Rammellzee, Alphabeta Sigma (Face B)\u00a0\u00bb est \u00e0 d\u00e9couvrir jusqu\u2019au 15\u00a0avril au CAPC mus\u00e9e d\u2019art contemporain \u00e0 Bordeaux.\" itemprop=\"contentURL\"\/><\/p>\n<p>    L\u2019exposition \u00ab\u00a0Rammellzee, Alphabeta Sigma (Face B)\u00a0\u00bb est \u00e0 d\u00e9couvrir jusqu\u2019au 15\u00a0avril au CAPC mus\u00e9e d\u2019art contemporain \u00e0 Bordeaux.<\/p>\n<p>GUILLAUME BONNAUD\u00a0\/\u00a0SO<\/p>\n<p>    Lettres-armes et piratage visuel<\/p>\n<p>Chez Rammellzee, l\u2019alphabet cesse d\u2019\u00eatre un outil de communication pour devenir un syst\u00e8me d\u2019armement symbolique\u00a0: des lettres-\u00e9quations, mi-algorithmes mi-grimoires, qui ne d\u00e9crivent plus le monde mais le piratent. Une approche iconoclaste qui contamine tous les m\u00e9diums\u00a0: rap, performances, sculpture, peinture, joaillerie, jouets\u2026 et qui marque profond\u00e9ment ses contemporains.<\/p>\n<p>        <img decoding=\"async\" id=\"26769443\" src=\"https:\/\/www.europesays.com\/fr\/wp-content\/uploads\/2025\/11\/1763756327_782_20251118181729-a14a6168.jpg\" alt=\"L\u2019exposition \u00ab\u00a0Rammellzee, Alphabeta Sigma (Face B)\u00a0\u00bb est \u00e0 d\u00e9couvrir jusqu\u2019au 15\u00a0avril au CAPC mus\u00e9e d\u2019art contemporain \u00e0 Bordeaux.\" itemprop=\"contentURL\"\/><\/p>\n<p>    L\u2019exposition \u00ab\u00a0Rammellzee, Alphabeta Sigma (Face B)\u00a0\u00bb est \u00e0 d\u00e9couvrir jusqu\u2019au 15\u00a0avril au CAPC mus\u00e9e d\u2019art contemporain \u00e0 Bordeaux.<\/p>\n<p>GUILLAUME BONNAUD\u00a0\/\u00a0SO<\/p>\n<p>La premi\u00e8re partie de l\u2019exposition d\u00e9roule cette constellation o\u00f9 les \u0153uvres de Rammellzee c\u00f4toient une quarantaine de personnalit\u00e9s\u00a0: Jean-Michel Basquiat (qui le portraiture et produit son premier disque), Jim Jarmusch (qui l\u2019invite dans \u00ab\u00a0Stranger Than Paradise\u00a0\u00bb), Madonna, sans oublier les figures l\u00e9gendaires du graffiti new-yorkais\u00a0: Phase 2, Dondi White, Snake I, Coco 144, Futura 2000\u2026 ou Gordon Matta-Clark, dont les premi\u00e8res photos de tags l\u2019am\u00e8neront \u00e0 cr\u00e9er les c\u00e9l\u00e8bres \u00ab\u00a0Building Cuts\u00a0\u00bb. Jusqu\u2019aux affinit\u00e9s contemporaines\u00a0: Arthur Jafa, Jenny Holzer.<\/p>\n<p>\u00c0 l\u2019\u00e9tage, sous lumi\u00e8re noire, la seconde partie plonge dans le noyau incandescent de son \u0153uvre. Autour de sa pi\u00e8ce ma\u00eetresse \u2013 \u00ab\u00a0Gasholear\u00a0\u00bb, fascinant exosquelette sculpt\u00e9 dot\u00e9 de syst\u00e8mes de d\u00e9fense pyrotechnique et sonore \u2013 se d\u00e9ploient peintures fluo, sculptures et vid\u00e9os o\u00f9 Rammellzee incarne lui-m\u00eame ses cr\u00e9atures.<\/p>\n","protected":false},"excerpt":{"rendered":"\u00c9lev\u00e9 dans une famille catholique \u2013 p\u00e8re italien, m\u00e8re afro-am\u00e9ricaine \u2013 Rammellzee s\u2019immerge tr\u00e8s jeune dans la sc\u00e8ne&hellip;\n","protected":false},"author":2,"featured_media":549801,"comment_status":"","ping_status":"","sticky":false,"template":"","format":"standard","meta":{"footnotes":""},"categories":[2817],"tags":[1111,11,1997,1777,674,1011,27,12,2219,25],"class_list":{"0":"post-549800","1":"post","2":"type-post","3":"status-publish","4":"format-standard","5":"has-post-thumbnail","7":"category-bordeaux","8":"tag-actu","9":"tag-actualites","10":"tag-bordeaux","11":"tag-eu","12":"tag-europe","13":"tag-fr","14":"tag-france","15":"tag-news","16":"tag-nouvelle-aquitaine","17":"tag-republique-francaise"},"share_on_mastodon":{"url":"https:\/\/pubeurope.com\/@fr\/115589544692937915","error":""},"_links":{"self":[{"href":"https:\/\/www.europesays.com\/fr\/wp-json\/wp\/v2\/posts\/549800","targetHints":{"allow":["GET"]}}],"collection":[{"href":"https:\/\/www.europesays.com\/fr\/wp-json\/wp\/v2\/posts"}],"about":[{"href":"https:\/\/www.europesays.com\/fr\/wp-json\/wp\/v2\/types\/post"}],"author":[{"embeddable":true,"href":"https:\/\/www.europesays.com\/fr\/wp-json\/wp\/v2\/users\/2"}],"replies":[{"embeddable":true,"href":"https:\/\/www.europesays.com\/fr\/wp-json\/wp\/v2\/comments?post=549800"}],"version-history":[{"count":0,"href":"https:\/\/www.europesays.com\/fr\/wp-json\/wp\/v2\/posts\/549800\/revisions"}],"wp:featuredmedia":[{"embeddable":true,"href":"https:\/\/www.europesays.com\/fr\/wp-json\/wp\/v2\/media\/549801"}],"wp:attachment":[{"href":"https:\/\/www.europesays.com\/fr\/wp-json\/wp\/v2\/media?parent=549800"}],"wp:term":[{"taxonomy":"category","embeddable":true,"href":"https:\/\/www.europesays.com\/fr\/wp-json\/wp\/v2\/categories?post=549800"},{"taxonomy":"post_tag","embeddable":true,"href":"https:\/\/www.europesays.com\/fr\/wp-json\/wp\/v2\/tags?post=549800"}],"curies":[{"name":"wp","href":"https:\/\/api.w.org\/{rel}","templated":true}]}}