{"id":549810,"date":"2025-11-21T20:24:15","date_gmt":"2025-11-21T20:24:15","guid":{"rendered":"https:\/\/www.europesays.com\/fr\/549810\/"},"modified":"2025-11-21T20:24:15","modified_gmt":"2025-11-21T20:24:15","slug":"samedi-29-novembre-2025-la-ville-de-lille-organise-un-marche-de-noel-local-durable-solidaire-et-zero-dechet","status":"publish","type":"post","link":"https:\/\/www.europesays.com\/fr\/549810\/","title":{"rendered":"Samedi 29 novembre 2025, la Ville de Lille organise un Marche de No\u00ebl local, durable, solidaire et z\u00e9ro d\u00e9chet"},"content":{"rendered":"<p style=\"text-align: justify;\">La <strong>Ville de Lille <\/strong>organise, le <strong>samedi 29 novembre 2025 de 13h \u00e0 19h<\/strong> \u00e0 l\u2019<strong>H\u00f4tel de Ville,<\/strong> un <strong>March\u00e9\u00a0de No\u00ebl local, durable,\u00a0solidaire<\/strong> et <strong>z\u00e9ro d\u00e9chet<\/strong>\u00a0visant \u00e0 proposer des\u00a0<strong>alternatives pour des f\u00eates\u00a0de fin d\u2019ann\u00e9e plus \u00e9co-responsables.<\/strong><\/p>\n<p style=\"text-align: justify;\"><strong>Une trentaine d\u2019acteurs lillois<\/strong> et <strong>des environs<\/strong> proposeront, dans le <strong>grand hall,<\/strong> de <strong>nombreuses id\u00e9es de cadeaux fabriqu\u00e9s localement<\/strong> ou de <strong>seconde main <\/strong>comme des<strong> jouets,<\/strong> des <strong>livres, <\/strong>des <strong>v\u00eatements,<\/strong> des <strong>bijoux, <\/strong>des <strong>bougies<\/strong> ou encore des <strong>produits locaux.<\/strong> <strong>Autant de solutions<\/strong> pour <strong>passer des f\u00eates plus \u00e9cologiques.<\/strong><\/p>\n<p style=\"text-align: justify;\">En parall\u00e8le, dans <strong>une ambiance musicale<\/strong> et<strong> festive, <\/strong>vous profiterez de <strong>nombreuses animations gratuites tout au long de l\u2019apr\u00e8s-midi.<\/strong> <strong>Petits <\/strong>et <strong>grands <\/strong>trouveront des <strong>activit\u00e9s adapt\u00e9es \u00e0 leur \u00e2ge. L\u2019occasion de faire plaisir<\/strong> ou <strong>se faire plaisir durablement.<\/strong><\/p>\n<p>Au Programme <br \/><strong>Spectacles<\/strong><br \/><strong>15h : spectacle de contes <\/strong>\u2013 familles et enfants \u00e0 partir de 5 ans<\/p>\n<p><strong>16h et 18h : <\/strong><strong>spectacle de No\u00ebl<\/strong> \u2013 dur\u00e9e : environ 30 minutes \u2013 de 3 \u00e0 8 ans<\/p>\n<p><strong>17h : chorale par Les Voix Imp<\/strong><\/p>\n<p><strong>Ateliers sans inscription \u2013 \u00e0 partir de 14h<\/strong><br \/><strong>\u2013 Atelier ludique<\/strong> et <strong>cr\u00e9atif<\/strong> de \u00ab\u00a0fabrication de d\u00e9corations de No\u00ebl\u00a0\u00bb <br \/><strong>\u2013 Atelier <\/strong>\u00ab\u00a0d\u00e9gustation de bouch\u00e9es festives responsables\u00a0\u00bb <br \/><strong>\u2013 Atelier<\/strong> \u00ab\u00a0cr\u00e9ation de bee wraps\u00a0\u00bb <br \/><strong>\u2013 Atelier<\/strong> \u00ab\u00a0couture z\u00e9ro d\u00e9chet \u00bb <br \/><strong>\u2013 Atelier<\/strong> \u00ab\u00a0cr\u00e9ation de cosm\u00e9tiques naturels \u00bb <br \/><strong>\u2013 Atelier Furoshiki <\/strong><br \/><strong>\u2013 Animation cadeaux <\/strong>et <strong>f\u00eates z\u00e9ro d\u00e9chet <\/strong><br \/><strong>\u2013 Quiz mobilit\u00e9 <\/strong>avec la <strong>Maison des Mobilit\u00e9s Durables <\/strong><\/p>\n<p>Et rendez-vous au <strong>stand Ville de Lille<\/strong> pour participer \u00e0 <strong>une chasse aux tr\u00e9sors !<\/strong><\/p>\n<p style=\"text-align: justify;\"><strong>Stands Cadeaux :\u00a0<\/strong>Andreges, Association la Grande Echelle, Atelier \u00ab\u00a0Les Arts Verre\u00a0\u00bb, Bicloubook, Derri\u00e8re les nuages, Kayte et Leslie, L\u2019A\u00e9ronef, La Cl\u2019em des Champs, La Remise enjou\u00e9e, Le Chutier, Lib&amp;Lu, Lille Sud Insertion, Madame Coq, Majuno Design, Quand Chacha Coud, Savonnerie Twenty Fives, S. Guidicelli, TAF by Cit\u00e9o, Terre A Perles<\/p>\n<p style=\"text-align: justify;\"><strong>Alimentation :\u00a0<\/strong>Brasserie Le Singe Savant,\u00a0Bonsigne,\u00a0Gaufres d\u2019Emotions,\u00a0Le Fourgon,\u00a0Lille aux abeilles \/ L\u00eele de beaut\u00e9,\u00a0Boulangerie Brood, Vegetal\u2019Y<\/p>\n<p><strong>Tenues de F\u00eate :\u00a0<\/strong>Chez Henry (La Croix Rouge),\u00a0Ephata, Fou de Coudre<\/p>\n<p><strong>Mobilit\u00e9 :\u00a0<\/strong>CITIZ, Maison des Mobilit\u00e9s Durables<\/p>\n<p><strong><img loading=\"lazy\" decoding=\"async\" class=\"tie-appear\" src=\"https:\/\/www.europesays.com\/fr\/wp-content\/uploads\/2025\/04\/arrow.png\" alt=\"\" width=\"9\" height=\"9\"\/> <\/strong><a href=\"https:\/\/www.zoomsurlille.fr\/tag\/noel-2025\" target=\"_blank\" rel=\"noreferrer noopener\">D\u00e9couvrez nos articles No\u00ebl 2025<\/a><\/p>\n<p>\u00a0<\/p>\n<p class=\"has-text-align-right\">Source &amp; image : DR \u2013 \u00a9 Ville de Lille<\/p>\n","protected":false},"excerpt":{"rendered":"La Ville de Lille organise, le samedi 29 novembre 2025 de 13h \u00e0 19h \u00e0 l\u2019H\u00f4tel de Ville,&hellip;\n","protected":false},"author":2,"featured_media":549811,"comment_status":"","ping_status":"","sticky":false,"template":"","format":"standard","meta":{"footnotes":""},"categories":[2815],"tags":[1111,11,1777,674,1011,27,811,1307,66725,36053,12,15830,65896,25,66726],"class_list":{"0":"post-549810","1":"post","2":"type-post","3":"status-publish","4":"format-standard","5":"has-post-thumbnail","7":"category-lille","8":"tag-actu","9":"tag-actualites","10":"tag-eu","11":"tag-europe","12":"tag-fr","13":"tag-france","14":"tag-hauts-de-france","15":"tag-lille","16":"tag-mairie-christmas","17":"tag-marche-de-noel","18":"tag-news","19":"tag-noel","20":"tag-noel-2025","21":"tag-republique-francaise","22":"tag-ville-de-lille"},"share_on_mastodon":{"url":"https:\/\/pubeurope.com\/@fr\/115589564003078356","error":""},"_links":{"self":[{"href":"https:\/\/www.europesays.com\/fr\/wp-json\/wp\/v2\/posts\/549810","targetHints":{"allow":["GET"]}}],"collection":[{"href":"https:\/\/www.europesays.com\/fr\/wp-json\/wp\/v2\/posts"}],"about":[{"href":"https:\/\/www.europesays.com\/fr\/wp-json\/wp\/v2\/types\/post"}],"author":[{"embeddable":true,"href":"https:\/\/www.europesays.com\/fr\/wp-json\/wp\/v2\/users\/2"}],"replies":[{"embeddable":true,"href":"https:\/\/www.europesays.com\/fr\/wp-json\/wp\/v2\/comments?post=549810"}],"version-history":[{"count":0,"href":"https:\/\/www.europesays.com\/fr\/wp-json\/wp\/v2\/posts\/549810\/revisions"}],"wp:featuredmedia":[{"embeddable":true,"href":"https:\/\/www.europesays.com\/fr\/wp-json\/wp\/v2\/media\/549811"}],"wp:attachment":[{"href":"https:\/\/www.europesays.com\/fr\/wp-json\/wp\/v2\/media?parent=549810"}],"wp:term":[{"taxonomy":"category","embeddable":true,"href":"https:\/\/www.europesays.com\/fr\/wp-json\/wp\/v2\/categories?post=549810"},{"taxonomy":"post_tag","embeddable":true,"href":"https:\/\/www.europesays.com\/fr\/wp-json\/wp\/v2\/tags?post=549810"}],"curies":[{"name":"wp","href":"https:\/\/api.w.org\/{rel}","templated":true}]}}