{"id":549812,"date":"2025-11-21T20:25:18","date_gmt":"2025-11-21T20:25:18","guid":{"rendered":"https:\/\/www.europesays.com\/fr\/549812\/"},"modified":"2025-11-21T20:25:18","modified_gmt":"2025-11-21T20:25:18","slug":"info-la-provence-un-policier-marseillais-condamne-pour-avoir-renseigne-un-narcotrafiquant","status":"publish","type":"post","link":"https:\/\/www.europesays.com\/fr\/549812\/","title":{"rendered":"Info La Provence. Un policier marseillais condamn\u00e9 pour avoir renseign\u00e9 un narcotrafiquant"},"content":{"rendered":"<p>Lundi 19\u00a0ao\u00fbt 2024. Dans la touffeur de l\u2019\u00e9t\u00e9 marseillais, les enqu\u00eateurs de la Division Centre viennent de proc\u00e9der \u00e0 un coup de filet sur un \u00ab\u00a0plan stup\u00a0\u00bb du centre-ville, pr\u00e9vu depuis plusieurs jours d\u00e9j\u00e0. Parmi <a href=\"https:\/\/www.laprovence.com\/bouches-du-rhone\/marseille-13055\" target=\"_blank\" rel=\"noopener\">les interpell\u00e9s<\/a>, un homme consid\u00e9r\u00e9 comme le \u00ab\u00a0g\u00e9rant\u00a0\u00bb du point de vente. Dans son t\u00e9l\u00e9phone portable, exploit\u00e9 durant sa garde \u00e0 vue, un message envoy\u00e9 cinq jours plus t\u00f4t, intrigue les policiers\u00a0: \u00ab\u00a0Aujourd\u2019hui j\u2019ai vu une fiche de signalement avec ta photo, si on te voit l\u00e0-bas, tu seras arr\u00eat\u00e9\u00a0\u00bb.<\/p>\n<p>Transmis par le demi-fr\u00e8re du gard\u00e9 \u00e0 vue, le SMS provient en r\u00e9alit\u00e9 de Chaharane A. \u00c2g\u00e9 de 28\u00a0ans, ce gardien de la paix natif de Mayotte est en poste dans le groupe \u00ab\u00a0voie publique\u00a0\u00bb de la Division Centre\u00a0; il n\u2019a jamais fait parler de lui. Apr\u00e8s avoir un temps travaill\u00e9 \u00e0 Paris, il a \u00e9t\u00e9 mut\u00e9 \u00e0 <a href=\"https:\/\/www.laprovence.com\/bouches-du-rhone\/marseille-13055\" target=\"_blank\" rel=\"noopener\">Marseille<\/a> &#8211; ville dans laquelle il a grandi &#8211; joue au foot, participe \u00e0 des actions en faveur de la jeunesse dans les quartiers Nord de la cit\u00e9 phoc\u00e9enne. Le jour du coup de filet, il est en cong\u00e9s. Mais il a largement assist\u00e9 \u00e0 la pr\u00e9paration de l\u2019op\u00e9ration en amont. En creusant, les enqu\u00eateurs constatent qu\u2019il a effectu\u00e9 des recherches indues dans les fichiers de police.<\/p>\n<p>\u00ab\u00a0Dis lui de fair<\/p>\n","protected":false},"excerpt":{"rendered":"Lundi 19\u00a0ao\u00fbt 2024. Dans la touffeur de l\u2019\u00e9t\u00e9 marseillais, les enqu\u00eateurs de la Division Centre viennent de proc\u00e9der&hellip;\n","protected":false},"author":2,"featured_media":549813,"comment_status":"","ping_status":"","sticky":false,"template":"","format":"standard","meta":{"footnotes":""},"categories":[2814],"tags":[17,1111,11,6661,8652,1777,674,274,1011,27,1922,761,884,12,10910,471,1186,882,25],"class_list":{"0":"post-549812","1":"post","2":"type-post","3":"status-publish","4":"format-standard","5":"has-post-thumbnail","7":"category-marseille","8":"tag-17","9":"tag-actu","10":"tag-actualites","11":"tag-avoir","12":"tag-condamne","13":"tag-eu","14":"tag-europe","15":"tag-faits-divers-justice","16":"tag-fr","17":"tag-france","18":"tag-info","19":"tag-marseillais","20":"tag-marseille","21":"tag-news","22":"tag-policier","23":"tag-pour","24":"tag-provence","25":"tag-provence-alpes-cote-dazur","26":"tag-republique-francaise"},"share_on_mastodon":{"url":"","error":""},"_links":{"self":[{"href":"https:\/\/www.europesays.com\/fr\/wp-json\/wp\/v2\/posts\/549812","targetHints":{"allow":["GET"]}}],"collection":[{"href":"https:\/\/www.europesays.com\/fr\/wp-json\/wp\/v2\/posts"}],"about":[{"href":"https:\/\/www.europesays.com\/fr\/wp-json\/wp\/v2\/types\/post"}],"author":[{"embeddable":true,"href":"https:\/\/www.europesays.com\/fr\/wp-json\/wp\/v2\/users\/2"}],"replies":[{"embeddable":true,"href":"https:\/\/www.europesays.com\/fr\/wp-json\/wp\/v2\/comments?post=549812"}],"version-history":[{"count":0,"href":"https:\/\/www.europesays.com\/fr\/wp-json\/wp\/v2\/posts\/549812\/revisions"}],"wp:featuredmedia":[{"embeddable":true,"href":"https:\/\/www.europesays.com\/fr\/wp-json\/wp\/v2\/media\/549813"}],"wp:attachment":[{"href":"https:\/\/www.europesays.com\/fr\/wp-json\/wp\/v2\/media?parent=549812"}],"wp:term":[{"taxonomy":"category","embeddable":true,"href":"https:\/\/www.europesays.com\/fr\/wp-json\/wp\/v2\/categories?post=549812"},{"taxonomy":"post_tag","embeddable":true,"href":"https:\/\/www.europesays.com\/fr\/wp-json\/wp\/v2\/tags?post=549812"}],"curies":[{"name":"wp","href":"https:\/\/api.w.org\/{rel}","templated":true}]}}