{"id":549816,"date":"2025-11-21T20:27:14","date_gmt":"2025-11-21T20:27:14","guid":{"rendered":"https:\/\/www.europesays.com\/fr\/549816\/"},"modified":"2025-11-21T20:27:14","modified_gmt":"2025-11-21T20:27:14","slug":"fondateur-de-radio-nostalgie-et-radio-contact-a-lyon-pierre-alberti-est-decede","status":"publish","type":"post","link":"https:\/\/www.europesays.com\/fr\/549816\/","title":{"rendered":"Fondateur de Radio Nostalgie et Radio Contact \u00e0 Lyon, Pierre Alberti est d\u00e9c\u00e9d\u00e9"},"content":{"rendered":"<p itemprop=\"description\"><strong>\u00ab\u00a0C\u2019est avec une profonde tristesse que je partage que mon oncle, Pierre Alberti, nous a quitt\u00e9s\u00a0\u00bb.<\/strong><\/p>\n<p>C&rsquo;est par ces mots que la ni\u00e8ce de l&rsquo;homme de radio a r\u00e9v\u00e9l\u00e9 son d\u00e9c\u00e8s ce jeudi. Pierre Alberti avait 84 ans.<\/p>\n<p>Ce nom ne dit peut-\u00eatre plus rien aux Lyonnais, et pourtant c&rsquo;est entre Rh\u00f4ne et Sa\u00f4ne que ce fils de b\u00fbcheron des Alpes-Maritimes a lanc\u00e9 Radio Nostalgie en 1983. Alors patron d&rsquo;une entreprise de d\u00e9molition, il avait, deux ans plus t\u00f4t, cr\u00e9\u00e9 Radio Contact, vite revendue pour financer Nostalgie.<\/p>\n<p>Pierre Alberti avait alors \u00e9t\u00e9 visionnaire : une radio essentiellement de chansons fran\u00e7aises, visant un public de quadras et de quinquas. La recette fait mouche et le r\u00e9seau ne met que quelques ann\u00e9es \u00e0 devenir national.<\/p>\n<p>Aujourd&rsquo;hui, Nostalgie, propri\u00e9t\u00e9 de NRJ Group, revendique plus de 3,4 millions d&rsquo;auditeurs entre avril et juin 2025.<\/p>\n<p>\u00ab\u00a0Son d\u00e9part laisse un immense vide dans notre famille, \u00e0 la hauteur de tout ce qu\u2019il repr\u00e9sentait. Il restera une figure forte, libre et audacieuse. Merci \u00e0 celles et ceux qui ont crois\u00e9 sa route et qui continuent de faire vivre son h\u00e9ritage\u00a0\u00bb, poursuit sa ni\u00e8ce Alexandra Alberti-Vedrenne.<\/p>\n","protected":false},"excerpt":{"rendered":"\u00ab\u00a0C\u2019est avec une profonde tristesse que je partage que mon oncle, Pierre Alberti, nous a quitt\u00e9s\u00a0\u00bb. C&rsquo;est par&hellip;\n","protected":false},"author":2,"featured_media":549817,"comment_status":"","ping_status":"","sticky":false,"template":"","format":"standard","meta":{"footnotes":""},"categories":[1889],"tags":[1111,11,2813,2190,2430,1109,251,1112,2811,1777,674,118,1011,27,1922,1110,1114,2428,2810,12,241,316,25,2812,517,800],"class_list":{"0":"post-549816","1":"post","2":"type-post","3":"status-publish","4":"format-standard","5":"has-post-thumbnail","7":"category-lyon","8":"tag-actu","9":"tag-actualites","10":"tag-article","11":"tag-asvel","12":"tag-auvergne-rhone-alpes","13":"tag-breves","14":"tag-culture","15":"tag-depeches","16":"tag-economique","17":"tag-eu","18":"tag-europe","19":"tag-faits-divers","20":"tag-fr","21":"tag-france","22":"tag-info","23":"tag-informations","24":"tag-infos","25":"tag-lyon","26":"tag-lyonmag","27":"tag-news","28":"tag-ol","29":"tag-politique","30":"tag-republique-francaise","31":"tag-sociale","32":"tag-sport","33":"tag-transports"},"share_on_mastodon":{"url":"https:\/\/pubeurope.com\/@fr\/115589575160830430","error":""},"_links":{"self":[{"href":"https:\/\/www.europesays.com\/fr\/wp-json\/wp\/v2\/posts\/549816","targetHints":{"allow":["GET"]}}],"collection":[{"href":"https:\/\/www.europesays.com\/fr\/wp-json\/wp\/v2\/posts"}],"about":[{"href":"https:\/\/www.europesays.com\/fr\/wp-json\/wp\/v2\/types\/post"}],"author":[{"embeddable":true,"href":"https:\/\/www.europesays.com\/fr\/wp-json\/wp\/v2\/users\/2"}],"replies":[{"embeddable":true,"href":"https:\/\/www.europesays.com\/fr\/wp-json\/wp\/v2\/comments?post=549816"}],"version-history":[{"count":0,"href":"https:\/\/www.europesays.com\/fr\/wp-json\/wp\/v2\/posts\/549816\/revisions"}],"wp:featuredmedia":[{"embeddable":true,"href":"https:\/\/www.europesays.com\/fr\/wp-json\/wp\/v2\/media\/549817"}],"wp:attachment":[{"href":"https:\/\/www.europesays.com\/fr\/wp-json\/wp\/v2\/media?parent=549816"}],"wp:term":[{"taxonomy":"category","embeddable":true,"href":"https:\/\/www.europesays.com\/fr\/wp-json\/wp\/v2\/categories?post=549816"},{"taxonomy":"post_tag","embeddable":true,"href":"https:\/\/www.europesays.com\/fr\/wp-json\/wp\/v2\/tags?post=549816"}],"curies":[{"name":"wp","href":"https:\/\/api.w.org\/{rel}","templated":true}]}}