{"id":549818,"date":"2025-11-21T20:28:15","date_gmt":"2025-11-21T20:28:15","guid":{"rendered":"https:\/\/www.europesays.com\/fr\/549818\/"},"modified":"2025-11-21T20:28:15","modified_gmt":"2025-11-21T20:28:15","slug":"lyon-le-marche-de-noel-est-installe-place-carnot-jusquau-24-decembre","status":"publish","type":"post","link":"https:\/\/www.europesays.com\/fr\/549818\/","title":{"rendered":"Lyon. Le march\u00e9 de No\u00ebl est install\u00e9 place Carnot jusqu\u2019au 24 d\u00e9cembre"},"content":{"rendered":"<p>Le principal march\u00e9 de No\u00ebl de Lyon est install\u00e9 place Carnot jusqu\u2019au 24\u00a0d\u00e9cembre. Produits du terroir, d\u00e9corations, jouets, artisanat textile\u2026 <a href=\"https:\/\/www.leprogres.fr\/economie\/2025\/11\/17\/le-traditionnel-marche-de-noel-de-lyon-prend-ses-quartiers-place-carnot-et-pas-a-bellecour\" target=\"_blank\" rel=\"noopener\">une centaine de chalets<\/a> ont r\u00e9pondu \u00e0 l\u2019appel. Un chalet sp\u00e9cifique sera \u00e9galement pr\u00e9sent pour mettre en valeur le label Fabriqu\u00e9 \u00e0 Lyon et ses alentours.<\/p>\n<p class=\"note\">Les lundis, mardis, mercredis et jeudis de 11\u00a0h \u00e0 20\u00a0h, le vendredi de 11\u00a0h \u00e0 22\u00a0h, le samedi de 10\u00a0h\u00a030 \u00e0 22\u00a0h et le dimanche de 10\u00a0h\u00a030 \u00e0 20 h. <a href=\"https:\/\/www.marche-noel-lyon.com\/\" target=\"_blank\" rel=\"noopener\"> Infos : marche-noel-lyon.com.<\/a><\/p>\n","protected":false},"excerpt":{"rendered":"Le principal march\u00e9 de No\u00ebl de Lyon est install\u00e9 place Carnot jusqu\u2019au 24\u00a0d\u00e9cembre. Produits du terroir, d\u00e9corations, jouets,&hellip;\n","protected":false},"author":2,"featured_media":549819,"comment_status":"","ping_status":"","sticky":false,"template":"","format":"standard","meta":{"footnotes":""},"categories":[1889],"tags":[1111,11,2430,1687,1777,674,3326,1011,27,2428,12,25],"class_list":{"0":"post-549818","1":"post","2":"type-post","3":"status-publish","4":"format-standard","5":"has-post-thumbnail","7":"category-lyon","8":"tag-actu","9":"tag-actualites","10":"tag-auvergne-rhone-alpes","11":"tag-culture-loisirs","12":"tag-eu","13":"tag-europe","14":"tag-fete-locale","15":"tag-fr","16":"tag-france","17":"tag-lyon","18":"tag-news","19":"tag-republique-francaise"},"share_on_mastodon":{"url":"https:\/\/pubeurope.com\/@fr\/115589578979321139","error":""},"_links":{"self":[{"href":"https:\/\/www.europesays.com\/fr\/wp-json\/wp\/v2\/posts\/549818","targetHints":{"allow":["GET"]}}],"collection":[{"href":"https:\/\/www.europesays.com\/fr\/wp-json\/wp\/v2\/posts"}],"about":[{"href":"https:\/\/www.europesays.com\/fr\/wp-json\/wp\/v2\/types\/post"}],"author":[{"embeddable":true,"href":"https:\/\/www.europesays.com\/fr\/wp-json\/wp\/v2\/users\/2"}],"replies":[{"embeddable":true,"href":"https:\/\/www.europesays.com\/fr\/wp-json\/wp\/v2\/comments?post=549818"}],"version-history":[{"count":0,"href":"https:\/\/www.europesays.com\/fr\/wp-json\/wp\/v2\/posts\/549818\/revisions"}],"wp:featuredmedia":[{"embeddable":true,"href":"https:\/\/www.europesays.com\/fr\/wp-json\/wp\/v2\/media\/549819"}],"wp:attachment":[{"href":"https:\/\/www.europesays.com\/fr\/wp-json\/wp\/v2\/media?parent=549818"}],"wp:term":[{"taxonomy":"category","embeddable":true,"href":"https:\/\/www.europesays.com\/fr\/wp-json\/wp\/v2\/categories?post=549818"},{"taxonomy":"post_tag","embeddable":true,"href":"https:\/\/www.europesays.com\/fr\/wp-json\/wp\/v2\/tags?post=549818"}],"curies":[{"name":"wp","href":"https:\/\/api.w.org\/{rel}","templated":true}]}}