{"id":549822,"date":"2025-11-21T20:31:12","date_gmt":"2025-11-21T20:31:12","guid":{"rendered":"https:\/\/www.europesays.com\/fr\/549822\/"},"modified":"2025-11-21T20:31:12","modified_gmt":"2025-11-21T20:31:12","slug":"le-trafic-en-partie-interrompu-a-paris-sur-le-rer-b","status":"publish","type":"post","link":"https:\/\/www.europesays.com\/fr\/549822\/","title":{"rendered":"le trafic en partie interrompu \u00e0 Paris sur le RER B"},"content":{"rendered":"<p>                    Par<br \/>\n        <strong><br \/>\n            <a href=\"https:\/\/actu.fr\/auteur\/marie-amelie-marchal\" title=\"Consulter tous les articles de Marie Amelie Marchal\" rel=\"nofollow noopener\" target=\"_blank\">Marie Amelie Marchal<\/a><br \/>\n                    <\/strong><\/p>\n<p>        Publi\u00e9 le<\/p>\n<p>            21 nov. 2025 \u00e0 20h49        <\/p>\n<p>Un <strong>accident grave de voyageur<\/strong> s\u2019est produit ce vendredi 21 novembre 2025, \u00e0 la station Denfert-Rochereau sur le <a href=\"https:\/\/actu.fr\/tag\/rer-b\" rel=\"nofollow noopener\" target=\"_blank\">RER B<\/a> \u00e0 Paris. Aucun train ne circule plus entre Port-Royal et <a href=\"https:\/\/actu.fr\/ile-de-france\/paris_75056\/paris-a-la-cite-internationale-universitaire-une-icone-de-l-architecture-retrouve-sa-splendeur_61958134.html\" rel=\"nofollow noopener\" target=\"_blank\">Cit\u00e9 Universitaire<\/a>.\u00a0<\/p>\n<p>Reprise estim\u00e9e vers 22h30\u00a0<\/p>\n<p class=\" wall-content\">L\u2019annonce, faite depuis le compte X de la ligne, indiquait peu avant 21 heures des retards et suppressions de trains \u00e0 pr\u00e9voir. Le<strong> trafic a ensuite \u00e9t\u00e9 interrompu<\/strong> entre les stations parisiennes de Port-Royal et Cit\u00e9 Universitaire. Le retour \u00e0 la normale est pr\u00e9vu vers 22h30.<\/p>\n<p class=\" wall-content\">\n<p class=\" wall-content\">Les voyageurs sont invit\u00e9s \u00e0 emprunter des itin\u00e9raires de substitution. Sur la branche Nord, les trains continuent de circuler au d\u00e9part de Port-Royal.<\/p>\n<p class=\" wall-content\"><strong>Plus d\u2019informations \u00e0 suivre<\/strong><\/p>\n<p class=\" wall-content\">Personnalisez votre actualit\u00e9 en ajoutant vos villes et m\u00e9dias en favori avec <a href=\"https:\/\/moncompte.actu.fr\" title=\"D\u00e9couvez Mon Actu\" rel=\"nofollow noopener\" data-trk=\"{&quot;cta&quot;:{&quot;action&quot;:&quot;https:\\\/\\\/moncompte.actu.fr&quot;,&quot;category&quot;:&quot;mon compte&quot;,&quot;from&quot;:&quot;article footer&quot;,&quot;name&quot;:&quot;Mon actu&quot;,&quot;type&quot;:&quot;cta&quot;}}\" target=\"_blank\">Mon Actu<\/a>.<\/p>\n","protected":false},"excerpt":{"rendered":"Par Marie Amelie Marchal Publi\u00e9 le 21 nov. 2025 \u00e0 20h49 Un accident grave de voyageur s\u2019est produit&hellip;\n","protected":false},"author":2,"featured_media":549823,"comment_status":"","ping_status":"","sticky":false,"template":"","format":"standard","meta":{"footnotes":""},"categories":[1888],"tags":[7757,1111,1928,11,1927,1777,674,1011,27,12,1926,626,1925,25,17235,2215,104],"class_list":{"0":"post-549822","1":"post","2":"type-post","3":"status-publish","4":"format-standard","5":"has-post-thumbnail","7":"category-paris","8":"tag-accident-grave-de-voyageur","9":"tag-actu","10":"tag-actu-paris","11":"tag-actualites","12":"tag-actualites-paris","13":"tag-eu","14":"tag-europe","15":"tag-fr","16":"tag-france","17":"tag-news","18":"tag-news-paris","19":"tag-paris","20":"tag-paris-news","21":"tag-republique-francaise","22":"tag-rer-b","23":"tag-sncf","24":"tag-societe"},"share_on_mastodon":{"url":"https:\/\/pubeurope.com\/@fr\/115589591296943521","error":""},"_links":{"self":[{"href":"https:\/\/www.europesays.com\/fr\/wp-json\/wp\/v2\/posts\/549822","targetHints":{"allow":["GET"]}}],"collection":[{"href":"https:\/\/www.europesays.com\/fr\/wp-json\/wp\/v2\/posts"}],"about":[{"href":"https:\/\/www.europesays.com\/fr\/wp-json\/wp\/v2\/types\/post"}],"author":[{"embeddable":true,"href":"https:\/\/www.europesays.com\/fr\/wp-json\/wp\/v2\/users\/2"}],"replies":[{"embeddable":true,"href":"https:\/\/www.europesays.com\/fr\/wp-json\/wp\/v2\/comments?post=549822"}],"version-history":[{"count":0,"href":"https:\/\/www.europesays.com\/fr\/wp-json\/wp\/v2\/posts\/549822\/revisions"}],"wp:featuredmedia":[{"embeddable":true,"href":"https:\/\/www.europesays.com\/fr\/wp-json\/wp\/v2\/media\/549823"}],"wp:attachment":[{"href":"https:\/\/www.europesays.com\/fr\/wp-json\/wp\/v2\/media?parent=549822"}],"wp:term":[{"taxonomy":"category","embeddable":true,"href":"https:\/\/www.europesays.com\/fr\/wp-json\/wp\/v2\/categories?post=549822"},{"taxonomy":"post_tag","embeddable":true,"href":"https:\/\/www.europesays.com\/fr\/wp-json\/wp\/v2\/tags?post=549822"}],"curies":[{"name":"wp","href":"https:\/\/api.w.org\/{rel}","templated":true}]}}