{"id":549824,"date":"2025-11-21T20:32:14","date_gmt":"2025-11-21T20:32:14","guid":{"rendered":"https:\/\/www.europesays.com\/fr\/549824\/"},"modified":"2025-11-21T20:32:14","modified_gmt":"2025-11-21T20:32:14","slug":"paris-un-eleve-interpelle-dans-son-lycee-apres-avoir-evoque-une-tuerie-de-masse","status":"publish","type":"post","link":"https:\/\/www.europesays.com\/fr\/549824\/","title":{"rendered":"Paris : Un \u00e9l\u00e8ve interpell\u00e9 dans son lyc\u00e9e apr\u00e8s avoir \u00e9voqu\u00e9 une tuerie de masse"},"content":{"rendered":"<p class=\"mb-4 text-lg md:leading-8 break-words\"><strong>MENACES &#8211; D\u00e9j\u00e0 rep\u00e9r\u00e9 pour des comportements inqui\u00e9tants, l\u2019\u00e9l\u00e8ve de ce lyc\u00e9e parisien a \u00e9t\u00e9 plac\u00e9 en garde \u00e0 vue alors que la police craignait un passage \u00e0 l\u2019acte<\/strong><\/p>\n<p class=\"mb-4 text-lg md:leading-8 break-words\">Un <a href=\"https:\/\/www.20minutes.fr\/societe\/eleves\/?at_medium=RSS%20feed&amp;at_campaign=ynews&amp;utm_source=yahoo&amp;utm_medium=rss&amp;utm_campaign=news_feed&amp;utm_content=in_article_link\" rel=\"nofollow noopener\" target=\"_blank\" data-ylk=\"slk:\u00e9l\u00e8ve;elm:context_link;itc:0;sec:content-canvas\" class=\"link \">\u00e9l\u00e8ve<\/a> majeur du lyc\u00e9e Fran\u00e7ois-Villon, dans le 14e\u00a0arrondissement de <a href=\"https:\/\/www.20minutes.fr\/paris\/?at_medium=RSS%20feed&amp;at_campaign=ynews&amp;utm_source=yahoo&amp;utm_medium=rss&amp;utm_campaign=news_feed&amp;utm_content=in_article_link\" rel=\"nofollow noopener\" target=\"_blank\" data-ylk=\"slk:Paris;elm:context_link;itc:0;sec:content-canvas\" class=\"link \">Paris<\/a>, a \u00e9t\u00e9 interpell\u00e9 jeudi apr\u00e8s avoir annonc\u00e9 \u00e0 des camarades qu\u2019une <a href=\"https:\/\/www.20minutes.fr\/dossier\/tuerie?at_medium=RSS%20feed&amp;at_campaign=ynews&amp;utm_source=yahoo&amp;utm_medium=rss&amp;utm_campaign=news_feed&amp;utm_content=in_article_link\" rel=\"nofollow noopener\" target=\"_blank\" data-ylk=\"slk:tuerie de masse;elm:context_link;itc:0;sec:content-canvas\" class=\"link \">tuerie de masse<\/a> pourrait se produire dans l\u2019\u00e9tablissement. Selon <a href=\"https:\/\/www.leparisien.fr\/faits-divers\/paris-un-lyceen-interpelle-pour-avoir-profere-des-menaces-de-tuerie-de-masse-dans-son-etablissement-21-11-2025-KQLHBKWKXFB3PMTP7KU5LELLAQ.php?ts=1763750406504&amp;at_medium=RSS%20feed&amp;at_campaign=ynews&amp;utm_source=yahoo&amp;utm_medium=rss&amp;utm_campaign=news_feed&amp;utm_content=in_article_link\" rel=\"nofollow noopener\" target=\"_blank\" data-ylk=\"slk:Le Parisien;elm:context_link;itc:0;sec:content-canvas\" class=\"link \">Le Parisien<\/a>, la proviseure a alert\u00e9 la police apr\u00e8s avoir \u00e9t\u00e9 pr\u00e9venue par deux \u00e9l\u00e8ves inquiets de ses propos, notamment parce qu\u2019il affirmait qu\u2019un drame devait survenir \u00e0 une heure pr\u00e9cise.<\/p>\n<p class=\"mb-4 text-lg md:leading-8 break-words\">Les forces de l\u2019ordre ont d\u00e9ploy\u00e9 un dispositif aux abords du lyc\u00e9e et ont rapidement localis\u00e9 l\u2019\u00e9l\u00e8ve. Bien qu\u2019aucun objet dangereux n\u2019ait \u00e9t\u00e9 d\u00e9couvert lors du contr\u00f4le, ses <a href=\"https:\/\/www.20minutes.fr\/dossier\/menace?at_medium=RSS%20feed&amp;at_campaign=ynews&amp;utm_source=yahoo&amp;utm_medium=rss&amp;utm_campaign=news_feed&amp;utm_content=in_article_link\" rel=\"nofollow noopener\" target=\"_blank\" data-ylk=\"slk:menaces;elm:context_link;itc:0;sec:content-canvas\" class=\"link \">menaces<\/a> verbales r\u00e9it\u00e9r\u00e9es ont conduit \u00e0 son placement en garde \u00e0 vue.<\/p>\n<p>Propos racistes, homophobie et contenus choquants<\/p>\n<p class=\"mb-4 text-lg md:leading-8 break-words\">Le jeune homme avait d\u00e9j\u00e0 \u00e9t\u00e9 rep\u00e9r\u00e9 pour son comportement instable. Une source polici\u00e8re a indiqu\u00e9 au Parisien qu\u2019il \u00e9tait d\u00e9j\u00e0 connu pour avoir prof\u00e9r\u00e9 des propos <a href=\"https:\/\/www.20minutes.fr\/dossier\/racisme?at_medium=RSS%20feed&amp;at_campaign=ynews&amp;utm_source=yahoo&amp;utm_medium=rss&amp;utm_campaign=news_feed&amp;utm_content=in_article_link\" rel=\"nofollow noopener\" target=\"_blank\" data-ylk=\"slk:racistes;elm:context_link;itc:0;sec:content-canvas\" class=\"link \">racistes<\/a> et <a href=\"https:\/\/www.20minutes.fr\/dossier\/homophobie?at_medium=RSS%20feed&amp;at_campaign=ynews&amp;utm_source=yahoo&amp;utm_medium=rss&amp;utm_campaign=news_feed&amp;utm_content=in_article_link\" rel=\"nofollow noopener\" target=\"_blank\" data-ylk=\"slk:homophobes;elm:context_link;itc:0;sec:content-canvas\" class=\"link \">homophobes<\/a>, sa fascination pour les vid\u00e9os d\u2019ex\u00e9cutions et la diffusion de contenus choquants aupr\u00e8s d\u2019au moins un autre \u00e9l\u00e8ve, qui a depuis \u00e9t\u00e9 accompagn\u00e9.<\/p>\n<p><a href=\"https:\/\/www.20minutes.fr\/paris\/\" rel=\"nofollow noopener\" target=\"_blank\" data-ylk=\"slk:Toute l&#039;actualit\u00e9 \u00e0 Paris;elm:context_link;itc:0;sec:content-canvas\" class=\"link \">Toute l&rsquo;actualit\u00e9 \u00e0 Paris<\/a><\/p>\n<p class=\"mb-4 text-lg md:leading-8 break-words\">L\u2019\u00e9l\u00e8ve participait \u00e0 un dispositif d\u00e9di\u00e9 aux d\u00e9crocheurs scolaires et h\u00e9berg\u00e9 dans le lyc\u00e9e. L\u2019\u00e9tablissement n\u2019en est pas \u00e0 sa premi\u00e8re alerte\u00a0: en\u00a02024, deux coll\u00e9giens avaient d\u00e9j\u00e0 fait l\u2019objet d\u2019une plainte pour menaces de mort envers une enseignante.<\/p>\n<p class=\"mb-4 text-lg md:leading-8 break-words\"><a href=\"https:\/\/www.20minutes.fr\/faits_divers\/4187208-20251121-paris-eleve-interpelle-lycee-apres-avoir-evoque-tuerie-masse?at_medium=RSS%20feed&amp;at_campaign=ynews&amp;utm_source=yahoo&amp;utm_medium=rss&amp;utm_campaign=news_feed&amp;utm_content=read_more_link&quot;\" rel=\"nofollow noopener\" target=\"_blank\" data-ylk=\"slk:Lire la suite sur 20minutes;elm:context_link;itc:0;sec:content-canvas\" class=\"link \">Lire la suite sur 20minutes<\/a><\/p>\n<p>\u00c0 lire aussi :<br \/><a href=\"https:\/\/www.20minutes.fr\/faits_divers\/4172302-20250910-antibes-deux-blesses-attaque-couteau-lycee?at_medium=RSS%20feed&amp;at_campaign=ynews&amp;utm_source=yahoo&amp;utm_medium=rss&amp;utm_campaign=news_feed&amp;utm_content=related_content_link\" rel=\"nofollow noopener\" target=\"_blank\" data-ylk=\"slk:Antibes\u00a0: Une enseignante et un \u00e9l\u00e8ve bless\u00e9s lors d\u2019une attaque au couteau dans un lyc\u00e9e;elm:context_link;itc:0;sec:content-canvas\" class=\"link \">Antibes\u00a0: Une enseignante et un \u00e9l\u00e8ve bless\u00e9s lors d\u2019une attaque au couteau dans un lyc\u00e9e<\/a><br \/><a href=\"https:\/\/www.20minutes.fr\/faits_divers\/4175986-20250929-saint-etienne-mineur-interpelle-apres-avoir-menace-passants-taser?at_medium=RSS%20feed&amp;at_campaign=ynews&amp;utm_source=yahoo&amp;utm_medium=rss&amp;utm_campaign=news_feed&amp;utm_content=related_content_link\" rel=\"nofollow noopener\" target=\"_blank\" data-ylk=\"slk:Saint-\u00c9tienne\u00a0: Un mineur interpell\u00e9 apr\u00e8s avoir menac\u00e9 des passants avec un taser;elm:context_link;itc:0;sec:content-canvas\" class=\"link \">Saint-\u00c9tienne\u00a0: Un mineur interpell\u00e9 apr\u00e8s avoir menac\u00e9 des passants avec un taser<\/a><\/p>\n","protected":false},"excerpt":{"rendered":"MENACES &#8211; D\u00e9j\u00e0 rep\u00e9r\u00e9 pour des comportements inqui\u00e9tants, l\u2019\u00e9l\u00e8ve de ce lyc\u00e9e parisien a \u00e9t\u00e9 plac\u00e9 en garde&hellip;\n","protected":false},"author":2,"featured_media":549825,"comment_status":"","ping_status":"","sticky":false,"template":"","format":"standard","meta":{"footnotes":""},"categories":[1888],"tags":[1111,1928,11,1927,17226,1777,674,3160,1011,27,5553,66727,12,1926,626,1925,66728,25],"class_list":{"0":"post-549824","1":"post","2":"type-post","3":"status-publish","4":"format-standard","5":"has-post-thumbnail","7":"category-paris","8":"tag-actu","9":"tag-actu-paris","10":"tag-actualites","11":"tag-actualites-paris","12":"tag-eleve","13":"tag-eu","14":"tag-europe","15":"tag-forces-de-lordre","16":"tag-fr","17":"tag-france","18":"tag-le-parisien","19":"tag-lycee-parisien","20":"tag-news","21":"tag-news-paris","22":"tag-paris","23":"tag-paris-news","24":"tag-plainte-pour-menaces-de-mort","25":"tag-republique-francaise"},"share_on_mastodon":{"url":"https:\/\/pubeurope.com\/@fr\/115589594831726670","error":""},"_links":{"self":[{"href":"https:\/\/www.europesays.com\/fr\/wp-json\/wp\/v2\/posts\/549824","targetHints":{"allow":["GET"]}}],"collection":[{"href":"https:\/\/www.europesays.com\/fr\/wp-json\/wp\/v2\/posts"}],"about":[{"href":"https:\/\/www.europesays.com\/fr\/wp-json\/wp\/v2\/types\/post"}],"author":[{"embeddable":true,"href":"https:\/\/www.europesays.com\/fr\/wp-json\/wp\/v2\/users\/2"}],"replies":[{"embeddable":true,"href":"https:\/\/www.europesays.com\/fr\/wp-json\/wp\/v2\/comments?post=549824"}],"version-history":[{"count":0,"href":"https:\/\/www.europesays.com\/fr\/wp-json\/wp\/v2\/posts\/549824\/revisions"}],"wp:featuredmedia":[{"embeddable":true,"href":"https:\/\/www.europesays.com\/fr\/wp-json\/wp\/v2\/media\/549825"}],"wp:attachment":[{"href":"https:\/\/www.europesays.com\/fr\/wp-json\/wp\/v2\/media?parent=549824"}],"wp:term":[{"taxonomy":"category","embeddable":true,"href":"https:\/\/www.europesays.com\/fr\/wp-json\/wp\/v2\/categories?post=549824"},{"taxonomy":"post_tag","embeddable":true,"href":"https:\/\/www.europesays.com\/fr\/wp-json\/wp\/v2\/tags?post=549824"}],"curies":[{"name":"wp","href":"https:\/\/api.w.org\/{rel}","templated":true}]}}