{"id":549826,"date":"2025-11-21T20:33:14","date_gmt":"2025-11-21T20:33:14","guid":{"rendered":"https:\/\/www.europesays.com\/fr\/549826\/"},"modified":"2025-11-21T20:33:14","modified_gmt":"2025-11-21T20:33:14","slug":"quinte-du-samedi-22-novembre-2025-a-vincennes-les-pronostics","status":"publish","type":"post","link":"https:\/\/www.europesays.com\/fr\/549826\/","title":{"rendered":"Quint\u00e9 du samedi 22 novembre 2025 \u00e0 Vincennes : les pronostics"},"content":{"rendered":"<p class=\"article-p mdl\">Retrouvez les pronostics de Dominique Cordier pour le Quint\u00e9 du samedi 22 novembre 2025 \u00e0 Vincennes, le Prix Daniel Miette, Prix de Bagnoles de l\u2019Orne. <strong>D\u00e9part \u00e0 15h15. 16 partants. <\/strong>Trot attel\u00e9. 2.700 m\u00e8tres. Grande piste. Trotteurs de 7 \u00e0 10 ans.&#13;<\/p>\n<p class=\"article-p mdl\">Belle course, ouverte comme on les aime.&#13;<\/p>\n<p class=\"article-p mdl\">Pour la victoire, on peut s\u2019appuyer sur trois concurrents se tenant de pr\u00e8s. Le <strong>7 In Red<\/strong>, qui vient de courir de premi\u00e8re sur les 2.100 m\u00e8tres, le <strong>13 Isofou du Ch\u00eane<\/strong>, \u00e9voluant ici sur son meilleur parcours, et le <strong>15 Iroise de la No\u00e9<\/strong>, qui serait mont\u00e9e sur le podium du Prix d\u2019Am\u00e9rique en janvier dernier sans sa faute dans la ligne d\u2019arriv\u00e9e.&#13;<\/p>\n<p class=\"article-p mdl\">Cette derni\u00e8re vient de faire sa rentr\u00e9e et peut \u00e9ventuellement manquer d\u2019un parcours.&#13;<\/p>\n<p class=\"article-p mdl\">L\u2019outsider de RTL, le <strong>14 Ister Man,<\/strong> est \u00e9galement capable de bien faire dans cette joute relev\u00e9e, si son entra\u00eeneur-driver conna\u00eet un parcours sans emb\u00fbche, ce qui ne fut pas le cas en dernier lieu dans le sillage d\u2019<strong>In Red<\/strong>. Il a en effet besoin d\u2019une course qui barde pour exprimer au mieux ses qualit\u00e9s de finisseurs.&#13;<\/p>\n<p class=\"article-p mdl\">Le <strong>11 Hurricane Carter<\/strong> reste sur trois deuxi\u00e8mes places d\u2019affil\u00e9e et cherche sa course. Pr\u00e9tendre la trouver ici serait pr\u00e9tentieux de sa part, mais il devrait de nouveau briguer un bel accessit.<\/p>\n<p>            Les pronostics<\/p>\n<p class=\"article-p mdl\">7. In Red&#13;<br \/>13. Isofou du Ch\u00eane&#13;<br \/>15. Iroise de La No\u00e9&#13;<br \/>14. Ister Man&#13;<br \/>9. Indy Park&#13;<br \/>11. Hurricane Carter&#13;<br \/>10. Harison du Plessis<\/p>\n<p>            L&rsquo;outsider de RTL<\/p>\n<p class=\"article-p mdl\">14. Ister Man<\/p>\n<p>    R\u00e9sultats du jeudi 20 novembre 2025 \u00e0 Vincennes<\/p>\n<p class=\"article-p mdl\">Le favori de RTL ne rencontre aucune opposition, l\u2019outsider de RTL est 7e.<\/p>\n<p>    La r\u00e9daction vous recommande<\/p>\n<p class=\"s-newsletter__title\">\n                L\u2019actualit\u00e9 par la r\u00e9daction de RTL dans votre bo\u00eete mail.\n            <\/p>\n<p class=\"s-newsletter__subtitle\">\n                Gr\u00e2ce \u00e0 votre compte RTL abonnez-vous \u00e0 la newsletter RTL info pour suivre toute l&rsquo;actualit\u00e9 au quotidien\n            <\/p>\n<p>\n                                    Lire la suite\n                                <\/p>\n","protected":false},"excerpt":{"rendered":"Retrouvez les pronostics de Dominique Cordier pour le Quint\u00e9 du samedi 22 novembre 2025 \u00e0 Vincennes, le Prix&hellip;\n","protected":false},"author":2,"featured_media":3836,"comment_status":"","ping_status":"","sticky":false,"template":"","format":"standard","meta":{"footnotes":""},"categories":[1888],"tags":[11,2621,2622,1777,674,107,2619,1011,27,12,626,2623,362,25],"class_list":{"0":"post-549826","1":"post","2":"type-post","3":"status-publish","4":"format-standard","5":"has-post-thumbnail","7":"category-paris","8":"tag-actualites","9":"tag-chevaux","10":"tag-courses","11":"tag-eu","12":"tag-europe","13":"tag-fil-info","14":"tag-fil-sport","15":"tag-fr","16":"tag-france","17":"tag-news","18":"tag-paris","19":"tag-quinte","20":"tag-replay","21":"tag-republique-francaise"},"share_on_mastodon":{"url":"https:\/\/pubeurope.com\/@fr\/115589598850489106","error":""},"_links":{"self":[{"href":"https:\/\/www.europesays.com\/fr\/wp-json\/wp\/v2\/posts\/549826","targetHints":{"allow":["GET"]}}],"collection":[{"href":"https:\/\/www.europesays.com\/fr\/wp-json\/wp\/v2\/posts"}],"about":[{"href":"https:\/\/www.europesays.com\/fr\/wp-json\/wp\/v2\/types\/post"}],"author":[{"embeddable":true,"href":"https:\/\/www.europesays.com\/fr\/wp-json\/wp\/v2\/users\/2"}],"replies":[{"embeddable":true,"href":"https:\/\/www.europesays.com\/fr\/wp-json\/wp\/v2\/comments?post=549826"}],"version-history":[{"count":0,"href":"https:\/\/www.europesays.com\/fr\/wp-json\/wp\/v2\/posts\/549826\/revisions"}],"wp:featuredmedia":[{"embeddable":true,"href":"https:\/\/www.europesays.com\/fr\/wp-json\/wp\/v2\/media\/3836"}],"wp:attachment":[{"href":"https:\/\/www.europesays.com\/fr\/wp-json\/wp\/v2\/media?parent=549826"}],"wp:term":[{"taxonomy":"category","embeddable":true,"href":"https:\/\/www.europesays.com\/fr\/wp-json\/wp\/v2\/categories?post=549826"},{"taxonomy":"post_tag","embeddable":true,"href":"https:\/\/www.europesays.com\/fr\/wp-json\/wp\/v2\/tags?post=549826"}],"curies":[{"name":"wp","href":"https:\/\/api.w.org\/{rel}","templated":true}]}}