{"id":549827,"date":"2025-11-21T20:34:14","date_gmt":"2025-11-21T20:34:14","guid":{"rendered":"https:\/\/www.europesays.com\/fr\/549827\/"},"modified":"2025-11-21T20:34:14","modified_gmt":"2025-11-21T20:34:14","slug":"municipales-a-paris-encadrement-des-loyers-cheque-seconde-main-les-propositions-demmanuel-gregoire-pour-le-commerce","status":"publish","type":"post","link":"https:\/\/www.europesays.com\/fr\/549827\/","title":{"rendered":"Municipales \u00e0 Paris\u00a0: encadrement des loyers, ch\u00e8que seconde main\u2026 Les propositions d\u2019Emmanuel Gr\u00e9goire pour le commerce"},"content":{"rendered":"<p class=\"paragraph text_align_left lp-f-body-02\">Emmitoufl\u00e9s dans des \u00e9charpes, des militants distribuent des tracts. L\u2019un glisse, dans un demi-sourire : \u00ab Faudrait faire campagne en juin plut\u00f4t \u00bb. Ce vendredi 21 novembre, le candidat (<a href=\"https:\/\/www.leparisien.fr\/politique\/ps\/\" target=\"_blank\" rel=\"noreferrer nofollow noopener\">PS<\/a>) pour la mairie de Paris, <a href=\"https:\/\/www.leparisien.fr\/politique\/emmanuel-gregoire\/\" target=\"_blank\" rel=\"noreferrer nofollow noopener\">Emmanuel Gr\u00e9goire<\/a>, discute avec quelques riverains avant de partir \u00e0 la rencontre de commer\u00e7ants, le long du <a href=\"https:\/\/www.leparisien.fr\/paris-75\/record-de-commerces-vacants-sur-le-boulevard-saint-michel-paris-degaine-larme-fiscale-25-06-2025-Q5UGTK64VREHFF47WY6XMYSMSY.php\" target=\"_self\" rel=\"nofollow noopener\">boulevard Saint-Michel<\/a> (<a href=\"https:\/\/www.leparisien.fr\/paris-75\/paris-75005\/\" target=\"_blank\" rel=\"noreferrer nofollow noopener\">Ve<\/a>&#8211;<a href=\"https:\/\/www.leparisien.fr\/paris-75\/paris-75006\/\" target=\"_blank\" rel=\"noreferrer nofollow noopener\">VIe<\/a>).<\/p>\n<p class=\"paragraph text_align_left lp-f-body-02\">Ici, le taux de vacance commerciale oscille entre 15 et 20 %, <a href=\"https:\/\/www.leparisien.fr\/paris-75\/il-ne-reste-que-des-fast-foods-et-des-magasins-discounts-le-boulevard-saint-michel-en-quete-de-renouveau-24-06-2025-QBLEVKZZ5BHF5LSWEMJJGYSWWE.php\" target=\"_self\" rel=\"nofollow noopener\">un record \u00e0 Paris<\/a>, les enseignes ferm\u00e9es se multiplient. \u00ab King Jouet est parti r\u00e9cemment \u00bb, illustre une habitante. Il n\u2019a jamais \u00e9t\u00e9 remplac\u00e9.<\/p>\n","protected":false},"excerpt":{"rendered":"Emmitoufl\u00e9s dans des \u00e9charpes, des militants distribuent des tracts. L\u2019un glisse, dans un demi-sourire : \u00ab Faudrait faire&hellip;\n","protected":false},"author":2,"featured_media":549828,"comment_status":"","ping_status":"","sticky":false,"template":"","format":"standard","meta":{"footnotes":""},"categories":[1888],"tags":[11,1777,674,1011,27,1944,12,626,316,25],"class_list":{"0":"post-549827","1":"post","2":"type-post","3":"status-publish","4":"format-standard","5":"has-post-thumbnail","7":"category-paris","8":"tag-actualites","9":"tag-eu","10":"tag-europe","11":"tag-fr","12":"tag-france","13":"tag-ma-ville","14":"tag-news","15":"tag-paris","16":"tag-politique","17":"tag-republique-francaise"},"share_on_mastodon":{"url":"https:\/\/pubeurope.com\/@fr\/115589602752145350","error":""},"_links":{"self":[{"href":"https:\/\/www.europesays.com\/fr\/wp-json\/wp\/v2\/posts\/549827","targetHints":{"allow":["GET"]}}],"collection":[{"href":"https:\/\/www.europesays.com\/fr\/wp-json\/wp\/v2\/posts"}],"about":[{"href":"https:\/\/www.europesays.com\/fr\/wp-json\/wp\/v2\/types\/post"}],"author":[{"embeddable":true,"href":"https:\/\/www.europesays.com\/fr\/wp-json\/wp\/v2\/users\/2"}],"replies":[{"embeddable":true,"href":"https:\/\/www.europesays.com\/fr\/wp-json\/wp\/v2\/comments?post=549827"}],"version-history":[{"count":0,"href":"https:\/\/www.europesays.com\/fr\/wp-json\/wp\/v2\/posts\/549827\/revisions"}],"wp:featuredmedia":[{"embeddable":true,"href":"https:\/\/www.europesays.com\/fr\/wp-json\/wp\/v2\/media\/549828"}],"wp:attachment":[{"href":"https:\/\/www.europesays.com\/fr\/wp-json\/wp\/v2\/media?parent=549827"}],"wp:term":[{"taxonomy":"category","embeddable":true,"href":"https:\/\/www.europesays.com\/fr\/wp-json\/wp\/v2\/categories?post=549827"},{"taxonomy":"post_tag","embeddable":true,"href":"https:\/\/www.europesays.com\/fr\/wp-json\/wp\/v2\/tags?post=549827"}],"curies":[{"name":"wp","href":"https:\/\/api.w.org\/{rel}","templated":true}]}}