{"id":549829,"date":"2025-11-21T20:35:15","date_gmt":"2025-11-21T20:35:15","guid":{"rendered":"https:\/\/www.europesays.com\/fr\/549829\/"},"modified":"2025-11-21T20:35:15","modified_gmt":"2025-11-21T20:35:15","slug":"pourquoi-leurope-sonne-lalarme-face-a-la-possibilite-dune-guerre","status":"publish","type":"post","link":"https:\/\/www.europesays.com\/fr\/549829\/","title":{"rendered":"pourquoi l\u2019Europe sonne l\u2019alarme face \u00e0 la possibilit\u00e9 d\u2019une guerre"},"content":{"rendered":"<p>      <img fetchpriority=\"high\" decoding=\"async\" class=\"mx-auto\" src=\"data:image\/svg+xml,%3Csvg%20xmlns%3D%27http%3A%2F%2Fwww.w3.org%2F2000%2Fsvg%27%20fill%3D%22%23e4e4e4%22%20viewBox%3D%270%200%20510%20340%27%20width%3D%22510%22%20height%3D%22340%22%3E%3Cpath%20d%3D%27M0%200h510v340H0z%27%2F%3E%3C%2Fsvg%3E\"  loading=\"eager\" width=\"510\" height=\"340\" data-oncrawl-image-size=\"510x340\" alt=\"Eurocorps, le corps d\u2019arm\u00e9e europ\u00e9en, devant le Parlement de Strasbourg, durant les comm\u00e9morations des 80\u00a0ans de la fin de la Seconde Guerre mondiale, le 7\u00a0mai 2025. \"\/>      <\/p>\n<p class=\"latino-100m text-grey-600\">\n            Eurocorps, le corps d\u2019arm\u00e9e europ\u00e9en, devant le Parlement de Strasbourg, durant les comm\u00e9morations des 80\u00a0ans de la fin de la Seconde Guerre mondiale, le 7\u00a0mai 2025. \u00a0FREDERICK FLORIN\/AFP        <\/p>\n<p>        Lire\u00a0plus\u00a0tard      <\/p>\n<p><a aria-label=\"Nous suivre sur Google News\" href=\"https:\/\/news.google.com\/publications\/CAAqBwgKMJe4nQkw3dFs?hl=fr&amp;gl=FR&amp;ceid=FR%3Afr\" target=\"_blank\" data-piano=\"Page_Article,Sous_date_publi,Nous_suivre_sur_google_news,1er_clic,action\" class=\"btn btn--small btn--tertiary btn--icon-only\" rel=\"noopener\"><\/p>\n<p>      Google Actualit\u00e9s<br \/>\n  <\/a><\/p>\n<p>  Partager<\/p>\n<p>        Facebook<\/p>\n<p>        Bluesky<\/p>\n<p>        E-mail<\/p>\n<p>        Copier le lien<\/p>\n<p>      Envoyer<\/p>\n<p>      S\u2019abonner pour lire    <\/p>\n<p class=\"node__paragraphe antonia-750r text-grey-800 pb-24 pb-md-32\">\nUn \u00ab\u00a0Cema\u00a0\u00bb ne devrait pas dire \u00e7a\u2026 <a href=\"https:\/\/www.nouvelobs.com\/politique\/20251120.OBS109957\/accepter-de-perdre-nos-enfants-pourquoi-les-propos-du-chef-d-etat-major-des-armees-font-polemique.html\" target=\"_blank\" rel=\"noopener\">Les propos du chef d\u2019\u00e9tat-major des arm\u00e9es Fabien Mandon<\/a> face \u00e0 l\u2019assembl\u00e9e annuelle des maires de France, le 19\u00a0novembre, ont provoqu\u00e9 un s\u00e9isme\u00a0: \u00ab\u00a0Ce qui nous manque, c\u2019est la force d\u2019\u00e2me pour prot\u00e9ger ce que l\u2019on est. Si notre pays flanche parce qu\u2019il n\u2019est pas pr\u00eat \u00e0 accepter de perdre ses enfants \u2013 parce qu\u2019il faut dire les choses \u2013, de souffrir \u00e9conomiquement \u2013 parce que les priorit\u00e9s iront \u00e0 la production d\u00e9fense \u2013, alors on est en risque.\u00a0\u00bb Face \u00e0 l\u2019indignation provoqu\u00e9e par ces accents sacrificiels, la porte-parole du gouvernement, Maud Bregeon, a d\u00fb pr\u00e9ciser que \u00ab\u00a0nos enfants n\u2019iront pas combattre et mourir en Ukraine\u00a0\u00bb. En coulisse, le milieu de la d\u00e9fense reconna\u00eet une erreur de communication.<\/p>\n<p class=\"node__paragraphe antonia-750r text-grey-800 pb-8\">\nFabien Mandon n\u2019en est pourtant pas \u00e0 son coup d\u2019essai. Depuis son entr\u00e9e en fonctions en septembre, ce g\u00e9n\u00e9ral proche d\u2019Emmanuel Macron s\u2019est donn\u00e9 pour mission de \u00ab\u00a0pr\u00e9parer les esprits\u00a0\u00bb, comme on dit \u00e0 l\u2019Elys\u00e9e. Lors de son audition parlementaire le 22\u00a0octobre, il expliquait que \u00ab\u00a0l\u2019arm\u00e9e fran\u00e7a\u2026<\/p>\n<p class=\"latino-100m text-blue-400\">Article r\u00e9serv\u00e9 aux abonn\u00e9s.<\/p>\n<p>        Se connecter      <\/p>\n<p class=\"text-center antonia-1550b antonia-lg-1850c\" style=\"margin-bottom:4px;\">Envie de lire la suite\u00a0?<\/p>\n<p class=\"description text-center pb-16\">Tous nos contenus exclusifs en acc\u00e8s illimit\u00e9<\/p>\n<p>            S\u2019abonner 7,99\u20ac 3,99\u20ac\/mois                          pendant 1 an                      <\/p>\n<p class=\"text-grey-700 or d-none d-md-flex\">ou<\/p>\n<p>                        <img width=\"164\" height=\"20\" src=\"data:image\/svg+xml,%3Csvg%20xmlns%3D%27http%3A%2F%2Fwww.w3.org%2F2000%2Fsvg%27%20fill%3D%22%23e4e4e4%22%20viewBox%3D%270%200%20282%2054%27%20width%3D%22282%22%20height%3D%2254%22%3E%3Cpath%20d%3D%27M0%200h282v54H0z%27%2F%3E%3C%2Fsvg%3E\"  class=\"js-swg-placeholder\" alt=\"Subscribe with Google\" loading=\"lazy\" decoding=\"async\"\/><\/p>\n","protected":false},"excerpt":{"rendered":"Eurocorps, le corps d\u2019arm\u00e9e europ\u00e9en, devant le Parlement de Strasbourg, durant les comm\u00e9morations des 80\u00a0ans de la fin&hellip;\n","protected":false},"author":2,"featured_media":549830,"comment_status":"","ping_status":"","sticky":false,"template":"","format":"standard","meta":{"footnotes":""},"categories":[1591],"tags":[17,11,19352,674,2823,1887,1147,74,12,316,39243,8013,1885,1886,132,53476],"class_list":{"0":"post-549829","1":"post","2":"type-post","3":"status-publish","4":"format-standard","5":"has-post-thumbnail","7":"category-russie","8":"tag-17","9":"tag-actualites","10":"tag-alarme","11":"tag-europe","12":"tag-face","13":"tag-federation-de-russie","14":"tag-menace","15":"tag-monde","16":"tag-news","17":"tag-politique","18":"tag-possibilite","19":"tag-russe","20":"tag-russia","21":"tag-russian-federation","22":"tag-russie","23":"tag-sonne"},"share_on_mastodon":{"url":"https:\/\/pubeurope.com\/@fr\/115589606797215073","error":""},"_links":{"self":[{"href":"https:\/\/www.europesays.com\/fr\/wp-json\/wp\/v2\/posts\/549829","targetHints":{"allow":["GET"]}}],"collection":[{"href":"https:\/\/www.europesays.com\/fr\/wp-json\/wp\/v2\/posts"}],"about":[{"href":"https:\/\/www.europesays.com\/fr\/wp-json\/wp\/v2\/types\/post"}],"author":[{"embeddable":true,"href":"https:\/\/www.europesays.com\/fr\/wp-json\/wp\/v2\/users\/2"}],"replies":[{"embeddable":true,"href":"https:\/\/www.europesays.com\/fr\/wp-json\/wp\/v2\/comments?post=549829"}],"version-history":[{"count":0,"href":"https:\/\/www.europesays.com\/fr\/wp-json\/wp\/v2\/posts\/549829\/revisions"}],"wp:featuredmedia":[{"embeddable":true,"href":"https:\/\/www.europesays.com\/fr\/wp-json\/wp\/v2\/media\/549830"}],"wp:attachment":[{"href":"https:\/\/www.europesays.com\/fr\/wp-json\/wp\/v2\/media?parent=549829"}],"wp:term":[{"taxonomy":"category","embeddable":true,"href":"https:\/\/www.europesays.com\/fr\/wp-json\/wp\/v2\/categories?post=549829"},{"taxonomy":"post_tag","embeddable":true,"href":"https:\/\/www.europesays.com\/fr\/wp-json\/wp\/v2\/tags?post=549829"}],"curies":[{"name":"wp","href":"https:\/\/api.w.org\/{rel}","templated":true}]}}