{"id":549833,"date":"2025-11-21T20:37:15","date_gmt":"2025-11-21T20:37:15","guid":{"rendered":"https:\/\/www.europesays.com\/fr\/549833\/"},"modified":"2025-11-21T20:37:15","modified_gmt":"2025-11-21T20:37:15","slug":"un-indice-cle-dinflation-annule-en-raison-du-shutdowm","status":"publish","type":"post","link":"https:\/\/www.europesays.com\/fr\/549833\/","title":{"rendered":"Un indice cl\u00e9 d&rsquo;inflation annul\u00e9 en raison du \u00abshutdowm\u00bb"},"content":{"rendered":"<p><img decoding=\"async\" class=\"watson-snippet__image bg-grey-10 block h-auto w-full \" src=\"https:\/\/www.europesays.com\/fr\/wp-content\/uploads\/2025\/11\/6203801282009985.webp\" loading=\"lazy\" width=\"5330\" height=\"3553\" alt=\"A trader works on the floor of the New York Stock Exchange, Friday, Nov. 21, 2025. (AP Photo\/Richard Drew)&#10;Financial Markets Wall Street\" data-image-id=\"6203801282009985\"\/><\/p>\n<p>L&rsquo;indice am\u00e9ricain des prix \u00e0 la consommation (CPI) d&rsquo;octobre, ne sera jamais publi\u00e9.Keystone<\/p>\n<p>Le \u00abshutdown\u00bb historique aux Etats-Unis a emp\u00each\u00e9 la collecte des donn\u00e9es, for\u00e7ant l\u2019annulation pure et simple de l\u2019indice des prix d\u2019octobre, un indicateur cl\u00e9 pour suivre l\u2019inflation. R\u00e9sultat: la Fed devra ajuster sa politique mon\u00e9taire \u00e0 l\u2019aveugle, priv\u00e9e de chiffres frais alors que la hausse des prix repart.<\/p>\n<p>21.11.2025, 20:3121.11.2025, 20:31<\/p>\n<p>Plus de \u00abInternational\u00bb<\/p>\n<p class=\"watson-snippet__text my-6 text-[16px] lg:text-[18px] leading-normal md:w-3\/5\">Une mesure phare d&rsquo;inflation aux Etats-Unis, l&rsquo;indice des prix \u00e0 la consommation (CPI) d&rsquo;octobre, ne sera jamais publi\u00e9e en raison de la longue paralysie budg\u00e9taire qu&rsquo;a connue le pays, a annonc\u00e9 vendredi un service statistiques officiel. Ce sera <strong>un nouveau manque impossible \u00e0 combler<\/strong> pour jauger de l&rsquo;\u00e9tat de l&rsquo;\u00e9conomie am\u00e9ricaine.<\/p>\n<p class=\"watson-snippet__text my-6 text-[16px] lg:text-[18px] leading-normal md:w-3\/5\">Pendant le \u00abshutdown\u00bb le plus long de l&rsquo;histoire (du 1er octobre au 12 novembre), les fonctionnaires du service statistiques du minist\u00e8re du Travail (BLS) n&rsquo;ont pas \u00e9t\u00e9 autoris\u00e9s \u00e0 travailler et donc \u00e0 collecter les prix d&rsquo;un large panier de biens et services.<\/p>\n<p class=\"watson-snippet__text my-6 text-[16px] lg:text-[18px] leading-normal md:w-3\/5\">La publication de l&rsquo;indice CPI du mois d&rsquo;octobre a donc \u00e9t\u00e9 annul\u00e9e. Le BLS avait annonc\u00e9 plus t\u00f4t cette semaine qu&rsquo;il ne pourrait pas non plus calculer le taux de ch\u00f4mage sur cette p\u00e9riode.<\/p>\n<p>\u00abLe BLS ne peut pas collecter les donn\u00e9es de mani\u00e8re r\u00e9troactive\u00bb<\/p>\n<p>L&rsquo;administration am\u00e9ricaine sur son site internet<\/p>\n<p class=\"watson-snippet__text my-6 text-[16px] lg:text-[18px] leading-normal md:w-3\/5\">Le service a aussi d\u00fb reporter la publication des donn\u00e9es CPI pour le mois de novembre, qui n&rsquo;interviendra que le 18 d\u00e9cembre, soit apr\u00e8s la prochaine r\u00e9union de la R\u00e9serve f\u00e9d\u00e9rale am\u00e9ricaine (Fed).<\/p>\n<p class=\"watson-snippet__text my-6 text-[16px] lg:text-[18px] leading-normal md:w-3\/5\">Ces \u00e9l\u00e9ments vont donc manquer aux participants du Comit\u00e9 mon\u00e9taire (FOMC) pour \u00e9valuer l&rsquo;inflation, alors qu&rsquo;ils sont charg\u00e9s de fixer les taux d&rsquo;int\u00e9r\u00eat de mani\u00e8re \u00e0 assurer une certaine stabilit\u00e9 des prix, l&rsquo;objectif \u00e9tant une inflation de 2%.<\/p>\n<p class=\"watson-snippet__text my-6 text-[16px] lg:text-[18px] leading-normal md:w-3\/5\">Le dernier indice CPI disponible, concernant le mois de septembre, s&rsquo;affichait \u00e0 3% contre 2,3% en avril. La banque centrale des Etats-Unis privil\u00e9gie un autre indice d&rsquo;inflation, le PCE. Le dernier mois connu remonte \u00e0 ao\u00fbt, quand il \u00e9tait \u00e0 2,7%.<\/p>\n<p class=\"watson-snippet__text my-6 text-[16px] lg:text-[18px] leading-normal md:w-3\/5\">Le service statistiques qui le calcule (BEA) n&rsquo;a pas encore donn\u00e9 de nouvelle date de publication pour septembre. Le sort du rapport d&rsquo;octobre restait incertain vendredi en milieu de journ\u00e9e, le site internet du BEA affichant \u00ab\u00e0 reprogrammer\u00bb. (mbr\/ats)<\/p>\n<p>Plus d&rsquo;articles concernant les Etats-Unis<\/p>\n","protected":false},"excerpt":{"rendered":"L&rsquo;indice am\u00e9ricain des prix \u00e0 la consommation (CPI) d&rsquo;octobre, ne sera jamais publi\u00e9.Keystone Le \u00abshutdown\u00bb historique aux Etats-Unis&hellip;\n","protected":false},"author":2,"featured_media":549834,"comment_status":"","ping_status":"","sticky":false,"template":"","format":"standard","meta":{"footnotes":""},"categories":[1589],"tags":[11,73,1866,12,1864,1865,1863,308],"class_list":{"0":"post-549833","1":"post","2":"type-post","3":"status-publish","4":"format-standard","5":"has-post-thumbnail","7":"category-etats-unis","8":"tag-actualites","9":"tag-etats-unis","10":"tag-etats-unis-damerique","11":"tag-news","12":"tag-united-states","13":"tag-united-states-of-america","14":"tag-us","15":"tag-usa"},"share_on_mastodon":{"url":"https:\/\/pubeurope.com\/@fr\/115589615240152955","error":""},"_links":{"self":[{"href":"https:\/\/www.europesays.com\/fr\/wp-json\/wp\/v2\/posts\/549833","targetHints":{"allow":["GET"]}}],"collection":[{"href":"https:\/\/www.europesays.com\/fr\/wp-json\/wp\/v2\/posts"}],"about":[{"href":"https:\/\/www.europesays.com\/fr\/wp-json\/wp\/v2\/types\/post"}],"author":[{"embeddable":true,"href":"https:\/\/www.europesays.com\/fr\/wp-json\/wp\/v2\/users\/2"}],"replies":[{"embeddable":true,"href":"https:\/\/www.europesays.com\/fr\/wp-json\/wp\/v2\/comments?post=549833"}],"version-history":[{"count":0,"href":"https:\/\/www.europesays.com\/fr\/wp-json\/wp\/v2\/posts\/549833\/revisions"}],"wp:featuredmedia":[{"embeddable":true,"href":"https:\/\/www.europesays.com\/fr\/wp-json\/wp\/v2\/media\/549834"}],"wp:attachment":[{"href":"https:\/\/www.europesays.com\/fr\/wp-json\/wp\/v2\/media?parent=549833"}],"wp:term":[{"taxonomy":"category","embeddable":true,"href":"https:\/\/www.europesays.com\/fr\/wp-json\/wp\/v2\/categories?post=549833"},{"taxonomy":"post_tag","embeddable":true,"href":"https:\/\/www.europesays.com\/fr\/wp-json\/wp\/v2\/tags?post=549833"}],"curies":[{"name":"wp","href":"https:\/\/api.w.org\/{rel}","templated":true}]}}