{"id":549837,"date":"2025-11-21T20:39:16","date_gmt":"2025-11-21T20:39:16","guid":{"rendered":"https:\/\/www.europesays.com\/fr\/549837\/"},"modified":"2025-11-21T20:39:16","modified_gmt":"2025-11-21T20:39:16","slug":"coupe-davis-renversantes-lespagne-et-lallemagne-ont-rendez-vous-en-demi-finales","status":"publish","type":"post","link":"https:\/\/www.europesays.com\/fr\/549837\/","title":{"rendered":"Coupe Davis\u00a0: renversantes, l\u2019Espagne et l\u2019Allemagne ont rendez-vous en demi-finales"},"content":{"rendered":"<p>Apr\u00e8s deux premiers quarts de finale o\u00f9 le vainqueur \u00e9tait connu d\u00e8s les deux matchs de simple achev\u00e9s, les sp\u00e9cialistes du double ont \u00e9t\u00e9 mis \u00e0 l\u2019honneur jeudi.<\/p>\n<p>En fin d\u2019apr\u00e8s-midi, la paire compos\u00e9e de Marcel Granollers et Pedro Martinez a marqu\u00e9 le point d\u00e9cisif pour la s\u00e9lection espagnole en battant 7-6 (10\/8), 7-6 (10\/8) les Tch\u00e8ques Tomas Machac et Jakub Mensik.<\/p>\n<p>Elle avait auparavant sauv\u00e9 trois balles de set dans la premi\u00e8re manche et deux dans la seconde.<\/p>\n<p>Le duel entre l\u2019Argentine et l\u2019Allemagne, \u00e9galement men\u00e9e 1-0 avant de renverser la vapeur, a connu un d\u00e9nouement encore plus insens\u00e9 aux petites heures de la nuit de jeudi \u00e0 vendredi.<\/p>\n<p>Kevin Krawietz et Tim Puetz ont surv\u00e9cu \u00e0 trois balles de match pour finalement terrasser Horacio Zeballos et Andres Molteni 4-6, 6-4, 7-6 (12\/10) au terme d\u2019un combat de 2h30.<\/p>\n<p>En \u00e9liminant la seule s\u00e9lection non europ\u00e9enne parmi les huit en lice \u00e0 Bologne, l\u2019Allemagne s\u2019est qualifi\u00e9e pour sa deuxi\u00e8me demi-finale d\u2019affil\u00e9e et peut encore r\u00eaver d\u2019un quatri\u00e8me Saladier d\u2019argent.<\/p>\n<p>Sextuples vainqueurs de la Coupe Davis, les Espagnols \u00e9taient d\u00e9j\u00e0 revenus du diable vauvert pour arracher leur place \u00e0 Bologne, nouvelle ville h\u00f4te de la phase finale apr\u00e8s plusieurs ann\u00e9es \u00e0 Malaga.<\/p>\n<p>En septembre, au second tour des qualifications pour le \u00ab\u00a0Final 8\u00a0\u00bb de la Coupe Davis, la s\u00e9lection dirig\u00e9e par David Ferrer avait battu le Danemark d\u2019Holger Rune 3-2 apr\u00e8s avoir \u00e9t\u00e9 men\u00e9e 2-0.<\/p>\n<p>\u00ab\u00a0Disputer cette phase finale, c\u2019est d\u00e9j\u00e0 un cadeau pour nous\u00a0\u00bb, a comment\u00e9 le capitaine David Ferrer en conf\u00e9rence de presse. \u00ab\u00a0Pedro (Martinez) a d\u00fb sauver une balle de match\u00a0\u00bb contre Rune en septembre, \u00ab\u00a0c\u2019\u00e9tait un h\u00e9ros [\u2026] et il l\u2019a encore \u00e9t\u00e9 aujourd\u2019hui (jeudi, NDLR), un vrai joueur de Coupe Davis\u00a0\u00bb, l\u2019a compliment\u00e9 Ferrer.<\/p>\n<p>Simple et double confondus, Martinez a en effet remport\u00e9 les cinq matchs qu\u2019il a disput\u00e9s sous le maillot espagnol en\u00a02025.<\/p>\n","protected":false},"excerpt":{"rendered":"Apr\u00e8s deux premiers quarts de finale o\u00f9 le vainqueur \u00e9tait connu d\u00e8s les deux matchs de simple achev\u00e9s,&hellip;\n","protected":false},"author":2,"featured_media":549838,"comment_status":"","ping_status":"","sticky":false,"template":"","format":"standard","meta":{"footnotes":""},"categories":[1587],"tags":[11,672,1804,1805,1803,1777,674,1801,12,1802],"class_list":{"0":"post-549837","1":"post","2":"type-post","3":"status-publish","4":"format-standard","5":"has-post-thumbnail","7":"category-allemagne","8":"tag-actualites","9":"tag-allemagne","10":"tag-bundesrepublik-deutschland","11":"tag-de","12":"tag-deutschland","13":"tag-eu","14":"tag-europe","15":"tag-germany","16":"tag-news","17":"tag-republique-federale-dallemagne"},"share_on_mastodon":{"url":"https:\/\/pubeurope.com\/@fr\/115589622265218118","error":""},"_links":{"self":[{"href":"https:\/\/www.europesays.com\/fr\/wp-json\/wp\/v2\/posts\/549837","targetHints":{"allow":["GET"]}}],"collection":[{"href":"https:\/\/www.europesays.com\/fr\/wp-json\/wp\/v2\/posts"}],"about":[{"href":"https:\/\/www.europesays.com\/fr\/wp-json\/wp\/v2\/types\/post"}],"author":[{"embeddable":true,"href":"https:\/\/www.europesays.com\/fr\/wp-json\/wp\/v2\/users\/2"}],"replies":[{"embeddable":true,"href":"https:\/\/www.europesays.com\/fr\/wp-json\/wp\/v2\/comments?post=549837"}],"version-history":[{"count":0,"href":"https:\/\/www.europesays.com\/fr\/wp-json\/wp\/v2\/posts\/549837\/revisions"}],"wp:featuredmedia":[{"embeddable":true,"href":"https:\/\/www.europesays.com\/fr\/wp-json\/wp\/v2\/media\/549838"}],"wp:attachment":[{"href":"https:\/\/www.europesays.com\/fr\/wp-json\/wp\/v2\/media?parent=549837"}],"wp:term":[{"taxonomy":"category","embeddable":true,"href":"https:\/\/www.europesays.com\/fr\/wp-json\/wp\/v2\/categories?post=549837"},{"taxonomy":"post_tag","embeddable":true,"href":"https:\/\/www.europesays.com\/fr\/wp-json\/wp\/v2\/tags?post=549837"}],"curies":[{"name":"wp","href":"https:\/\/api.w.org\/{rel}","templated":true}]}}