{"id":549839,"date":"2025-11-21T20:40:23","date_gmt":"2025-11-21T20:40:23","guid":{"rendered":"https:\/\/www.europesays.com\/fr\/549839\/"},"modified":"2025-11-21T20:40:23","modified_gmt":"2025-11-21T20:40:23","slug":"monaco-leurope-senflamme-pour-le-retour-imminent-de-paul-pogba","status":"publish","type":"post","link":"https:\/\/www.europesays.com\/fr\/549839\/","title":{"rendered":"Monaco, l\u2019Europe s\u2019enflamme pour le retour imminent de Paul Pogba"},"content":{"rendered":"<p>En Italie, o\u00f9 Paul Pogba a connu une partie majeure de sa carri\u00e8re, l\u2019attention est maximale. Pour le Corriere della Sera, Michele Tossani s\u2019interroge : \u00ab Je suis surtout curieux de conna\u00eetre son \u00e9tat physique\u2026 S\u2019il est en bonne condition, il peut avoir un impact en Ligue 1. \u00bb Tuttosport \u00e9voque un retour symbolique apr\u00e8s 811 jours d\u2019attente : \u00ab Le moteur s\u2019emballe et le retour de Pogba sur les terrains passe du r\u00eave \u00e0 la r\u00e9alit\u00e9. \u00bb<\/p>\n<p>En Angleterre aussi, l\u2019ancien joueur de Manchester United fait l\u2019objet de commentaires appuy\u00e9s. Le Daily Mail rappelle : \u00ab Paul Pogba a admis qu\u2019il traversait une p\u00e9riode infernale\u2026 mais enfin, ce week-end, son calvaire prendra fin. \u00bb<\/p>\n","protected":false},"excerpt":{"rendered":"En Italie, o\u00f9 Paul Pogba a connu une partie majeure de sa carri\u00e8re, l\u2019attention est maximale. Pour le&hellip;\n","protected":false},"author":2,"featured_media":549840,"comment_status":"","ping_status":"","sticky":false,"template":"","format":"standard","meta":{"footnotes":""},"categories":[1586],"tags":[11,1777,674,1011,27,66,3127,12,66729,584,66730,25],"class_list":{"0":"post-549839","1":"post","2":"type-post","3":"status-publish","4":"format-standard","5":"has-post-thumbnail","7":"category-europe","8":"tag-actualites","9":"tag-eu","10":"tag-europe","11":"tag-fr","12":"tag-france","13":"tag-ligue-1","14":"tag-monaco","15":"tag-news","16":"tag-p-pogba","17":"tag-rennes","18":"tag-rennes-vs-monaco","19":"tag-republique-francaise"},"share_on_mastodon":{"url":"https:\/\/pubeurope.com\/@fr\/115589626233464000","error":""},"_links":{"self":[{"href":"https:\/\/www.europesays.com\/fr\/wp-json\/wp\/v2\/posts\/549839","targetHints":{"allow":["GET"]}}],"collection":[{"href":"https:\/\/www.europesays.com\/fr\/wp-json\/wp\/v2\/posts"}],"about":[{"href":"https:\/\/www.europesays.com\/fr\/wp-json\/wp\/v2\/types\/post"}],"author":[{"embeddable":true,"href":"https:\/\/www.europesays.com\/fr\/wp-json\/wp\/v2\/users\/2"}],"replies":[{"embeddable":true,"href":"https:\/\/www.europesays.com\/fr\/wp-json\/wp\/v2\/comments?post=549839"}],"version-history":[{"count":0,"href":"https:\/\/www.europesays.com\/fr\/wp-json\/wp\/v2\/posts\/549839\/revisions"}],"wp:featuredmedia":[{"embeddable":true,"href":"https:\/\/www.europesays.com\/fr\/wp-json\/wp\/v2\/media\/549840"}],"wp:attachment":[{"href":"https:\/\/www.europesays.com\/fr\/wp-json\/wp\/v2\/media?parent=549839"}],"wp:term":[{"taxonomy":"category","embeddable":true,"href":"https:\/\/www.europesays.com\/fr\/wp-json\/wp\/v2\/categories?post=549839"},{"taxonomy":"post_tag","embeddable":true,"href":"https:\/\/www.europesays.com\/fr\/wp-json\/wp\/v2\/tags?post=549839"}],"curies":[{"name":"wp","href":"https:\/\/api.w.org\/{rel}","templated":true}]}}