{"id":549841,"date":"2025-11-21T20:41:12","date_gmt":"2025-11-21T20:41:12","guid":{"rendered":"https:\/\/www.europesays.com\/fr\/549841\/"},"modified":"2025-11-21T20:41:12","modified_gmt":"2025-11-21T20:41:12","slug":"lue-un-pilier-du-nouvel-equilibre-asiatique-selon-le-ministre-thailandais-des-affaires-etrangeres","status":"publish","type":"post","link":"https:\/\/www.europesays.com\/fr\/549841\/","title":{"rendered":"L&rsquo;UE, un pilier du nouvel \u00e9quilibre asiatique, selon le ministre tha\u00eflandais des Affaires \u00e9trang\u00e8res"},"content":{"rendered":"<p>\n  Par&amp;nbsp<b>Euronews<\/b>\n<\/p>\n<p>\n                    Publi\u00e9 le                 21\/11\/2025 &#8211; 21:14 UTC+1<br \/>\n                \u2022Mis \u00e0 jour<br \/>\n                                     21:16\n                                        <\/p>\n<p>En marge du quatri\u00e8me forum minist\u00e9riel UE\u2013Indo-Pacifique \u00e0 Bruxelles, qui s\u2019est tenu les 20 et 21 novembre, le ministre tha\u00eflandais des Affaires \u00e9trang\u00e8res, Sihasak Phuangketkeow, a d\u00e9clar\u00e9 qu\u2019une coop\u00e9ration plus approfondie entre l\u2019Union europ\u00e9enne et la r\u00e9gion indo-pacifique \u00e9tait essentielle, la pr\u00e9sence de l\u2019UE permettant d\u2019\u00e9quilibrer les rapports de force entre les \u00c9tats-Unis et la Chine.<\/p>\n<p>Sihasak Phuangketkeow a indiqu\u00e9 que les pourparlers \u00ab\u00a0ont bien progress\u00e9\u00a0\u00bb, ajoutant : \u00ab\u00a0Nous esp\u00e9rons que d&rsquo;ici l&rsquo;ann\u00e9e prochaine, nous pourrons peut-\u00eatre conclure cet accord. Toutefois, des questions essentielles telles que l&rsquo;acc\u00e8s au march\u00e9, les march\u00e9s publics, la propri\u00e9t\u00e9 intellectuelle, ainsi que les normes en mati\u00e8re d&rsquo;environnement et de droits de l&rsquo;homme, sont \u00ab\u00a0encore sur la table\u00a0\u00bb.<\/p>\n<p>Le ministre a d\u00e9clar\u00e9 que l&rsquo;accord de partenariat et de coop\u00e9ration UE-Tha\u00eflande, entr\u00e9 en vigueur l&rsquo;ann\u00e9e derni\u00e8re, \u00ab\u00a0fonctionne tr\u00e8s bien\u00a0\u00bb et que \u00ab\u00a0le secteur priv\u00e9 de nombreux pays de l&rsquo;UE est int\u00e9ress\u00e9 par les possibilit\u00e9s offertes\u00a0\u00bb. La situation strat\u00e9gique de la Tha\u00eflande en Asie du Sud-Est en fait une \u00ab\u00a0plate-forme\u00a0\u00bb pour les investissements dans la r\u00e9gion.<\/p>\n<p>Selon Sihasak Phuangketkeow, la Tha\u00eflande est actuellement en pleine transition vers une \u00e9conomie plus num\u00e9rique et plus verte, des domaines dans lesquels il pense que \u00ab\u00a0l&rsquo;UE a beaucoup \u00e0 offrir \u00e0 la Tha\u00eflande et aux autres pays de l&rsquo;ANASE\u00a0\u00bb.<\/p>\n<p>L\u2019UE comme facteur d\u2019\u00e9quilibre<\/p>\n<p>Interrog\u00e9 sur le fait de savoir si l&rsquo;UE pourrait \u00eatre un partenaire fiable pour la Tha\u00eflande afin de servir de contrepoids \u00e0 l&rsquo;influence croissante de la Chine en Asie du Sud-Est, Sihasak Phuangketkeow a d\u00e9clar\u00e9 que la Tha\u00eflande soutenait un monde multipolaire et cherchait \u00e0 \u00e9tablir des relations constructives avec toutes les grandes puissances.<\/p>\n<p>La Chine reste le premier partenaire commercial de la Tha\u00eflande, tandis que l&rsquo;engagement des \u00c9tats-Unis est consid\u00e9r\u00e9 comme vital pour la s\u00e9curit\u00e9 r\u00e9gionale. Toutefois, le ministre a \u00e9galement fait part de son inqui\u00e9tude quant \u00e0 l&rsquo;utilisation croissante des droits de douane par Washington : \u00ab\u00a0Nous sommes \u00e9galement pr\u00e9occup\u00e9s par les politiques tarifaires et protectionnistes des \u00c9tats-Unis. Nous pensons que cela n&rsquo;aide pas le syst\u00e8me commercial multilat\u00e9ral.\u00a0\u00bb<\/p>\n<p>D&rsquo;autre part, il s&rsquo;est f\u00e9licit\u00e9 de l&rsquo;engagement accru de l&rsquo;UE sur les plans \u00e9conomique, politique et s\u00e9curitaire, estimant qu&rsquo;il contribue \u00e0 une dynamique de pouvoir r\u00e9gionale plus \u00e9quilibr\u00e9e.<\/p>\n<p>Les priorit\u00e9s de la politique \u00e9trang\u00e8re tha\u00eflandaise<\/p>\n<p>Enfin, Sihasak Phuangketkeow a pr\u00e9sent\u00e9 les nouvelles priorit\u00e9s de la Tha\u00eflande en mati\u00e8re de politique \u00e9trang\u00e8re, qui consistent principalement \u00e0 promouvoir la paix dans la r\u00e9gion, \u00e0 s&rsquo;attaquer \u00e0 la crise actuelle au Myanmar, \u00e0 r\u00e9soudre les tensions avec son voisin le Cambodge, \u00e0 renforcer la communaut\u00e9 de l&rsquo;ANASE et \u00e0 relever les d\u00e9fis mondiaux tels que le changement climatique, la traite des \u00eatres humains et la cybers\u00e9curit\u00e9.<\/p>\n<p>Le forum a rassembl\u00e9 environ 70 d\u00e9l\u00e9gations des institutions europ\u00e9ennes et des \u00c9tats membres de l&rsquo;UE, ainsi que des pays et des organisations r\u00e9gionales de la r\u00e9gion indo-pacifique. Les 11 \u00c9tats membres de l&rsquo;ANASE sont le Myanmar, la Tha\u00eflande, le Laos, le Vi\u00eat Nam, les Philippines, le Cambodge, Singapour, l&rsquo;Indon\u00e9sie, la Malaisie, le Timor-Oriental et le Brunei.<\/p>\n","protected":false},"excerpt":{"rendered":"Par&amp;nbspEuronews Publi\u00e9 le 21\/11\/2025 &#8211; 21:14 UTC+1 \u2022Mis \u00e0 jour 21:16 En marge du quatri\u00e8me forum minist\u00e9riel UE\u2013Indo-Pacifique&hellip;\n","protected":false},"author":2,"featured_media":549842,"comment_status":"","ping_status":"","sticky":false,"template":"","format":"standard","meta":{"footnotes":""},"categories":[1586],"tags":[11,33442,1777,674,1779,1011,27,12,25,1684,1778,364],"class_list":{"0":"post-549841","1":"post","2":"type-post","3":"status-publish","4":"format-standard","5":"has-post-thumbnail","7":"category-europe","8":"tag-actualites","9":"tag-asean","10":"tag-eu","11":"tag-europe","12":"tag-european-union","13":"tag-fr","14":"tag-france","15":"tag-news","16":"tag-republique-francaise","17":"tag-thailande","18":"tag-ue","19":"tag-union-europeenne"},"share_on_mastodon":{"url":"https:\/\/pubeurope.com\/@fr\/115589630329388996","error":""},"_links":{"self":[{"href":"https:\/\/www.europesays.com\/fr\/wp-json\/wp\/v2\/posts\/549841","targetHints":{"allow":["GET"]}}],"collection":[{"href":"https:\/\/www.europesays.com\/fr\/wp-json\/wp\/v2\/posts"}],"about":[{"href":"https:\/\/www.europesays.com\/fr\/wp-json\/wp\/v2\/types\/post"}],"author":[{"embeddable":true,"href":"https:\/\/www.europesays.com\/fr\/wp-json\/wp\/v2\/users\/2"}],"replies":[{"embeddable":true,"href":"https:\/\/www.europesays.com\/fr\/wp-json\/wp\/v2\/comments?post=549841"}],"version-history":[{"count":0,"href":"https:\/\/www.europesays.com\/fr\/wp-json\/wp\/v2\/posts\/549841\/revisions"}],"wp:featuredmedia":[{"embeddable":true,"href":"https:\/\/www.europesays.com\/fr\/wp-json\/wp\/v2\/media\/549842"}],"wp:attachment":[{"href":"https:\/\/www.europesays.com\/fr\/wp-json\/wp\/v2\/media?parent=549841"}],"wp:term":[{"taxonomy":"category","embeddable":true,"href":"https:\/\/www.europesays.com\/fr\/wp-json\/wp\/v2\/categories?post=549841"},{"taxonomy":"post_tag","embeddable":true,"href":"https:\/\/www.europesays.com\/fr\/wp-json\/wp\/v2\/tags?post=549841"}],"curies":[{"name":"wp","href":"https:\/\/api.w.org\/{rel}","templated":true}]}}