{"id":549843,"date":"2025-11-21T20:42:14","date_gmt":"2025-11-21T20:42:14","guid":{"rendered":"https:\/\/www.europesays.com\/fr\/549843\/"},"modified":"2025-11-21T20:42:14","modified_gmt":"2025-11-21T20:42:14","slug":"le-chanteur-et-parolier-jean-guidoni-est-mort-a-74-ans","status":"publish","type":"post","link":"https:\/\/www.europesays.com\/fr\/549843\/","title":{"rendered":"Le chanteur et parolier Jean Guidoni est mort \u00e0 74 ans"},"content":{"rendered":"<p>Connu pour avoir impos\u00e9 un univers th\u00e9\u00e2tral, sulfureux et profond\u00e9ment personnel dans la chanson fran\u00e7aise, le chanteur <a href=\"https:\/\/fr.wikipedia.org\/wiki\/Jean_Guidoni\" rel=\"nofollow noopener\" target=\"_blank\" class=\"c-link c-link--is-underlined\">Jean Guidoni<\/a> est mort vendredi \u00e0 <a href=\"https:\/\/www.20minutes.fr\/bordeaux\/\" target=\"_blank\" class=\"c-link c-link--is-underlined\" rel=\"noopener\">Bordeaux<\/a> \u00e0 l\u2019\u00e2ge de 74 ans, a annonc\u00e9 son attach\u00e9e de presse. L\u2019artiste est d\u00e9c\u00e9d\u00e9 \u00ab\u00a0des suites d\u2019une maladie fulgurante\u00a0\u00bb, pr\u00e9cise-t-elle \u00e0 l\u2019AFP.<\/p>\n<p>N\u00e9 en\u00a01951 \u00e0 Toulon dans une famille modeste d\u2019origine corse, Jean Guidoni a d\u2019abord exerc\u00e9 comme coiffeur \u00e0 Marseille avant de s\u2019installer \u00e0 Paris dans les ann\u00e9es\u00a01970 pour tenter sa chance dans la <a href=\"https:\/\/www.20minutes.fr\/dossier\/chanson_francaise\" target=\"_blank\" class=\"c-link c-link--is-underlined\" rel=\"noopener\">chanson<\/a>. Tr\u00e8s vite, il refuse les codes de la vari\u00e9t\u00e9 dominante\u00a0: les textes qu\u2019on lui propose ne correspondent ni \u00e0 sa personnalit\u00e9 ni \u00e0 ses zones d\u2019ombre, faisant de lui un outsider assum\u00e9.<\/p>\n<p>Un personnage provocateur sur sc\u00e8ne<\/p>\n<p>Sa trajectoire bascule lorsqu\u2019il rencontre le parolier Pierre Philippe. Cette alliance ouvre \u00e0 Guidoni une voie artistique nouvelle, \u00e0 la fois plus sombre et plus libre. Sur sc\u00e8ne, il d\u00e9veloppe alors une esth\u00e9tique provocatrice qui deviendra sa marque de fabrique\u00a0: visage poudr\u00e9 de blanc, bas r\u00e9sille, talons aiguilles et jeu constant avec les codes de la <a href=\"https:\/\/www.20minutes.fr\/dossier\/femme\" target=\"_blank\" class=\"c-link c-link--is-underlined\" rel=\"noopener\">f\u00e9minit\u00e9<\/a>.<\/p>\n<p><\/p>\n<p>Plusieurs titres contribuent \u00e0 installer sa r\u00e9putation aupr\u00e8s d\u2019un public fid\u00e8le, parmi lesquels \u00ab\u00a0Je marche dans les villes\u00a0\u00bb, \u00ab\u00a0Tramway terminus nord\u00a0\u00bb ou encore \u00ab\u00a0Mort \u00e0 Venise\u00a0\u00bb. En\u00a01982, il signe l\u2019un de ses albums les plus marquants, \u00ab\u00a0Crime Passionnel\u00a0\u00bb, mis en musique par Astor Piazzolla. Pr\u00e9sent\u00e9 comme un \u00ab\u00a0op\u00e9ra pour homme seul\u00a0\u00bb, le disque m\u00eale textes \u00e0 vif et th\u00e9\u00e2tre expressionniste, confirmant la singularit\u00e9 de son parcours.<\/p>\n<p>D\u2019interpr\u00e8te \u00e0 compositeur<\/p>\n<p>Jean Guidoni prend par la suite la plume pour \u00e9crire ses propres chansons. L\u2019album \u00ab\u00a0La Pointe rouge\u00a0\u00bb (2007) r\u00e9unit ainsi Dominique A, <a href=\"https:\/\/www.20minutes.fr\/dossier\/philippe_katerine\" target=\"_blank\" class=\"c-link c-link--is-underlined\" rel=\"noopener\">Philippe Katerine<\/a>, Jeanne Cherhal et Mathias Malzieu. Son 17e album studio, \u00ab\u00a0Eldorado(s)\u00a0\u00bb, est sorti en avril. Jean Guidoni, qui affectionnait tout particuli\u00e8rement le th\u00e9\u00e2tre des Bouffes du Nord \u00e0 Paris, avait encore chant\u00e9 sur sc\u00e8ne le 24\u00a0juin au Caf\u00e9 de la Danse.<\/p>\n<p><a href=\"https:\/\/www.20minutes.fr\/dossier\/chanson_francaise\" target=\"_blank\" class=\"c-link c-btn c-btn--primary\" rel=\"noopener\">Notre dossier sur la chanson fran\u00e7aise<\/a><\/p>\n<p>Sa disparition met fin \u00e0 une carri\u00e8re de pr\u00e8s de cinquante ans, men\u00e9e en marge des courants dominants de la chanson fran\u00e7aise.<\/p>\n","protected":false},"excerpt":{"rendered":"Connu pour avoir impos\u00e9 un univers th\u00e9\u00e2tral, sulfureux et profond\u00e9ment personnel dans la chanson fran\u00e7aise, le chanteur Jean&hellip;\n","protected":false},"author":2,"featured_media":549844,"comment_status":"","ping_status":"","sticky":false,"template":"","format":"standard","meta":{"footnotes":""},"categories":[2],"tags":[11,2593,1695,5551,2517,251,3983,58,1011,27,873,12,25],"class_list":{"0":"post-549843","1":"post","2":"type-post","3":"status-publish","4":"format-standard","5":"has-post-thumbnail","7":"category-actualites","8":"tag-actualites","9":"tag-artiste","10":"tag-chanson","11":"tag-chanson-francaise","12":"tag-corse","13":"tag-culture","14":"tag-deces","15":"tag-divertissement","16":"tag-fr","17":"tag-france","18":"tag-musique","19":"tag-news","20":"tag-republique-francaise"},"share_on_mastodon":{"url":"https:\/\/pubeurope.com\/@fr\/115589634077947649","error":""},"_links":{"self":[{"href":"https:\/\/www.europesays.com\/fr\/wp-json\/wp\/v2\/posts\/549843","targetHints":{"allow":["GET"]}}],"collection":[{"href":"https:\/\/www.europesays.com\/fr\/wp-json\/wp\/v2\/posts"}],"about":[{"href":"https:\/\/www.europesays.com\/fr\/wp-json\/wp\/v2\/types\/post"}],"author":[{"embeddable":true,"href":"https:\/\/www.europesays.com\/fr\/wp-json\/wp\/v2\/users\/2"}],"replies":[{"embeddable":true,"href":"https:\/\/www.europesays.com\/fr\/wp-json\/wp\/v2\/comments?post=549843"}],"version-history":[{"count":0,"href":"https:\/\/www.europesays.com\/fr\/wp-json\/wp\/v2\/posts\/549843\/revisions"}],"wp:featuredmedia":[{"embeddable":true,"href":"https:\/\/www.europesays.com\/fr\/wp-json\/wp\/v2\/media\/549844"}],"wp:attachment":[{"href":"https:\/\/www.europesays.com\/fr\/wp-json\/wp\/v2\/media?parent=549843"}],"wp:term":[{"taxonomy":"category","embeddable":true,"href":"https:\/\/www.europesays.com\/fr\/wp-json\/wp\/v2\/categories?post=549843"},{"taxonomy":"post_tag","embeddable":true,"href":"https:\/\/www.europesays.com\/fr\/wp-json\/wp\/v2\/tags?post=549843"}],"curies":[{"name":"wp","href":"https:\/\/api.w.org\/{rel}","templated":true}]}}