{"id":549847,"date":"2025-11-21T20:44:20","date_gmt":"2025-11-21T20:44:20","guid":{"rendered":"https:\/\/www.europesays.com\/fr\/549847\/"},"modified":"2025-11-21T20:44:20","modified_gmt":"2025-11-21T20:44:20","slug":"la-france-veut-affronter-du-lourd-en-mars","status":"publish","type":"post","link":"https:\/\/www.europesays.com\/fr\/549847\/","title":{"rendered":"la France veut affronter du lourd en mars"},"content":{"rendered":"<p>L\u2019\u00e9quipe de <a href=\"https:\/\/www.footmercato.net\/selection\/france\/\" rel=\"nofollow noopener\" target=\"_blank\">France<\/a> est qualifi\u00e9e pour le Mondial 2026. Les Bleus ont valid\u00e9 leur ticket avec deux succ\u00e8s face \u00e0 l\u2019Ukraine et l\u2019Azerbaidjan. D\u00e9sormais, il faut donc pr\u00e9parer la comp\u00e9tition et il reste notamment la fen\u00eatre de mars. Et la FFF a \u00e9videmment d\u00e9j\u00e0 avanc\u00e9 sur des adversaires. Et ce serait du lourd pour la France. Au micro de L\u2019Equipe, le pr\u00e9sident Philippe Diallo a donn\u00e9 des indications.<\/p>\n<p>            La suite apr\u00e8s cette publicit\u00e9<\/p>\n<p>\u00abNous sommes en effet en discussion avanc\u00e9es pour disputer les deux matches amicaux de mars aux \u00c9tats-Unis. Ce n\u2019est pas encore finalis\u00e9, mais notre souhait serait de rencontrer deux adversaires prestigieux : la <a href=\"https:\/\/www.footmercato.net\/selection\/colombie\/\" rel=\"nofollow noopener\" target=\"_blank\">Colombie<\/a>, le 26 mars \u00e0 Tampa Bay, en Floride, puis le <a href=\"https:\/\/www.footmercato.net\/selection\/bresil\/\" rel=\"nofollow noopener\" target=\"_blank\">Br\u00e9sil<\/a>, le 29 pr\u00e8s de Boston. Les matches auraient lieu \u00e0 16 heures, heure locale, vers 21 heures en France.\u00bb<\/p>\n<p>\n    Pub. le 21\/11\/2025 21:09<br \/>\n            &#8211; MAJ le 21\/11\/2025 21:40\n    <\/p>\n","protected":false},"excerpt":{"rendered":"L\u2019\u00e9quipe de France est qualifi\u00e9e pour le Mondial 2026. Les Bleus ont valid\u00e9 leur ticket avec deux succ\u00e8s&hellip;\n","protected":false},"author":2,"featured_media":461905,"comment_status":"","ping_status":"","sticky":false,"template":"","format":"standard","meta":{"footnotes":""},"categories":[4],"tags":[11,1011,27,12,25],"class_list":{"0":"post-549847","1":"post","2":"type-post","3":"status-publish","4":"format-standard","5":"has-post-thumbnail","7":"category-france","8":"tag-actualites","9":"tag-fr","10":"tag-france","11":"tag-news","12":"tag-republique-francaise"},"share_on_mastodon":{"url":"https:\/\/pubeurope.com\/@fr\/115589642425008433","error":""},"_links":{"self":[{"href":"https:\/\/www.europesays.com\/fr\/wp-json\/wp\/v2\/posts\/549847","targetHints":{"allow":["GET"]}}],"collection":[{"href":"https:\/\/www.europesays.com\/fr\/wp-json\/wp\/v2\/posts"}],"about":[{"href":"https:\/\/www.europesays.com\/fr\/wp-json\/wp\/v2\/types\/post"}],"author":[{"embeddable":true,"href":"https:\/\/www.europesays.com\/fr\/wp-json\/wp\/v2\/users\/2"}],"replies":[{"embeddable":true,"href":"https:\/\/www.europesays.com\/fr\/wp-json\/wp\/v2\/comments?post=549847"}],"version-history":[{"count":0,"href":"https:\/\/www.europesays.com\/fr\/wp-json\/wp\/v2\/posts\/549847\/revisions"}],"wp:featuredmedia":[{"embeddable":true,"href":"https:\/\/www.europesays.com\/fr\/wp-json\/wp\/v2\/media\/461905"}],"wp:attachment":[{"href":"https:\/\/www.europesays.com\/fr\/wp-json\/wp\/v2\/media?parent=549847"}],"wp:term":[{"taxonomy":"category","embeddable":true,"href":"https:\/\/www.europesays.com\/fr\/wp-json\/wp\/v2\/categories?post=549847"},{"taxonomy":"post_tag","embeddable":true,"href":"https:\/\/www.europesays.com\/fr\/wp-json\/wp\/v2\/tags?post=549847"}],"curies":[{"name":"wp","href":"https:\/\/api.w.org\/{rel}","templated":true}]}}