{"id":549850,"date":"2025-11-21T20:47:13","date_gmt":"2025-11-21T20:47:13","guid":{"rendered":"https:\/\/www.europesays.com\/fr\/549850\/"},"modified":"2025-11-21T20:47:13","modified_gmt":"2025-11-21T20:47:13","slug":"info-la-depeche-rugby-la-ffr-veut-supprimer-un-match-phare-dune-competition-professionnelle-la-lnr-se-crispe","status":"publish","type":"post","link":"https:\/\/www.europesays.com\/fr\/549850\/","title":{"rendered":"INFO LA D\u00c9P\u00caCHE. Rugby\u00a0: la FFR veut supprimer un match phare d\u2019une comp\u00e9tition professionnelle, la LNR se crispe"},"content":{"rendered":"<p>\n                                                                    l&rsquo;essentiel<br \/>\n                                                                Le comit\u00e9 directeur de la Ligue nationale de rugby, qui s\u2019est d\u00e9roul\u00e9 ce mercredi 19\u00a0novembre \u00e0 Paris, a \u00e9t\u00e9 le th\u00e9\u00e2tre de tensions avec Florian Grill, le pr\u00e9sident de la F\u00e9d\u00e9ration fran\u00e7aise.\n                            <\/p>\n<p>L\u2019access match entre le 15e de Pro D2 et le finaliste de Nationale survivra-t-il \u00e0 la saison 2025\/2026\u00a0? Difficile \u00e0 dire aujourd\u2019hui tant les positions sont \u00e9loign\u00e9es entre la LNR et la FFR. \u00c0 l\u2019occasion du comit\u00e9 directeur qui s\u2019est tenu ce mercredi 19\u00a0novembre \u00e0 Paris, des tensions ont \u00e9clat\u00e9 quant \u00e0 ce match, programm\u00e9 cette saison le 30 ou 31\u00a0mai 2026, soit deux semaines apr\u00e8s la 30e journ\u00e9e de l\u2019antichambre du Top 14, et une semaine apr\u00e8s la finale de Nationale.<\/p>\n<p class=\"std-elt__inline\">\n        <strong>\u00c0 lire aussi :<\/strong><br \/>\n        <a href=\"https:\/\/www.ladepeche.fr\/2025\/11\/13\/info-la-depeche-rugby-les-clubs-professionnels-favorables-a-une-remuneration-du-president-de-la-lnr-son-montant-connu-13049647.php\" rel=\"nofollow noopener\" target=\"_blank\">INFO LA D\u00c9P\u00caCHE. Rugby\u00a0: les clubs professionnels favorables \u00e0 une r\u00e9mun\u00e9ration du pr\u00e9sident de la LNR, son montant connu<\/a>\n    <\/p>\n<p>Si\u00e9geant en sa qualit\u00e9 de pr\u00e9sident de la F\u00e9d\u00e9ration, Florian Grill a en effet clairement exprim\u00e9 le souhait de voir ce rendez-vous \u00eatre supprim\u00e9 \u00e0 compter de la saison 2026\/2027, d\u00e9sirant revenir \u00e0 l\u2019ancienne formule qui voyait deux promus remplacer les 15e et 16e de Pro D2.<\/p>\n<p class=\"std-elt__inline\">\n        <strong>\u00c0 lire aussi :<\/strong><br \/>\n        <a href=\"https:\/\/www.ladepeche.fr\/2025\/06\/06\/info-la-depeche-top-14-la-lnr-souhaite-de-nouveau-delocaliser-la-finale-a-letranger-dans-un-stade-mythique-et-pourrait-battre-un-record-daffluence-12745784.php\" rel=\"nofollow noopener\" target=\"_blank\">INFO LA D\u00c9P\u00caCHE. Top 14\u00a0: la\u00a0LNR souhaite de nouveau d\u00e9localiser la finale \u00e0 l\u2019\u00e9tranger, dans un stade mythique, et pourrait battre un record d\u2019affluence<\/a>\n    <\/p>\n<p>C\u00f4t\u00e9 LNR, certains \u00e9lus ont signifi\u00e9 leur clair d\u00e9saccord sur le sujet, mettant en avant l\u2019attrait de l\u2019access match en mati\u00e8re de suspense. De quoi provoquer une r\u00e9union agit\u00e9e et offrir la promesse de nouvelles discussions anim\u00e9es dans les semaines \u00e0 venir.<\/p>\n<p class=\"std-elt__inline\">\n        <strong>\u00c0 lire aussi :<\/strong><br \/>\n        <a href=\"https:\/\/www.ladepeche.fr\/2025\/06\/18\/rugby-on-est-tout-a-fait-ouvert-a-discuter-un-match-de-lequipe-de-france-prochainement-a-toulouse-florian-grill-donne-ses-conditions-12770795.php\" rel=\"nofollow noopener\" target=\"_blank\">Rugby\u00a0: \u00ab\u00a0On est tout \u00e0 fait ouvert \u00e0 discuter\u2026\u00a0\u00bb Un match de l\u2019\u00e9quipe de France prochainement \u00e0 Toulouse\u00a0? Florian Grill donne ses conditions<\/a>\n    <\/p>\n<p>Canal +\u00a0favorable au maintien de la formule actuelle<\/p>\n<p>D\u2019autant plus qu\u2019une troisi\u00e8me partie pourrait se m\u00ealer aux d\u00e9bats puisque Canal +, le diffuseur, ne verrait pas lui non plus d\u2019un bon \u0153il la suppression de ce rendez-vous. Dans ce dossier, la FFR et Florian Grill ont clairement la main car ce n\u2019est ni plus ni moins que la F\u00e9d\u00e9ration qui valide les calendriers des comp\u00e9titions professionnelles, lors de son AG, chaque ann\u00e9e au d\u00e9but du mois de juillet.<\/p>\n<p class=\"std-elt__inline\">\n        <strong>\u00c0 lire aussi :<\/strong><br \/>\n        <a href=\"https:\/\/www.ladepeche.fr\/2025\/06\/22\/entretien-florian-grill-bilan-apres-deux-ans-a-la-tete-de-la-ffr-tournee-en-nouvelle-zelande-le-numero-1-de-la-federation-se-confie-12779355.php\" rel=\"nofollow noopener\" target=\"_blank\">ENTRETIEN. Florian Grill\u00a0: bilan apr\u00e8s deux ans \u00e0 la t\u00eate de la FFR, tourn\u00e9e en Nouvelle-Z\u00e9lande\u2026 Le num\u00e9ro\u00a01 de la F\u00e9d\u00e9ration se confie<\/a>\n    <\/p>\n<p>De quoi laisser planer la menace d\u2019un blocage\u00a0? On en est encore loin et\u00a0les diff\u00e9rents acteurs ont pr\u00e9vu de se remettre rapidement autour de la table des n\u00e9gociations.<\/p>\n","protected":false},"excerpt":{"rendered":"l&rsquo;essentiel Le comit\u00e9 directeur de la Ligue nationale de rugby, qui s\u2019est d\u00e9roul\u00e9 ce mercredi 19\u00a0novembre \u00e0 Paris,&hellip;\n","protected":false},"author":2,"featured_media":549851,"comment_status":"","ping_status":"","sticky":false,"template":"","format":"standard","meta":{"footnotes":""},"categories":[1416],"tags":[1011,27,479,1468,60],"class_list":{"0":"post-549850","1":"post","2":"type-post","3":"status-publish","4":"format-standard","5":"has-post-thumbnail","7":"category-rugby","8":"tag-fr","9":"tag-france","10":"tag-rugby","11":"tag-rugby-football","12":"tag-sports"},"share_on_mastodon":{"url":"https:\/\/pubeurope.com\/@fr\/115589653789169781","error":""},"_links":{"self":[{"href":"https:\/\/www.europesays.com\/fr\/wp-json\/wp\/v2\/posts\/549850","targetHints":{"allow":["GET"]}}],"collection":[{"href":"https:\/\/www.europesays.com\/fr\/wp-json\/wp\/v2\/posts"}],"about":[{"href":"https:\/\/www.europesays.com\/fr\/wp-json\/wp\/v2\/types\/post"}],"author":[{"embeddable":true,"href":"https:\/\/www.europesays.com\/fr\/wp-json\/wp\/v2\/users\/2"}],"replies":[{"embeddable":true,"href":"https:\/\/www.europesays.com\/fr\/wp-json\/wp\/v2\/comments?post=549850"}],"version-history":[{"count":0,"href":"https:\/\/www.europesays.com\/fr\/wp-json\/wp\/v2\/posts\/549850\/revisions"}],"wp:featuredmedia":[{"embeddable":true,"href":"https:\/\/www.europesays.com\/fr\/wp-json\/wp\/v2\/media\/549851"}],"wp:attachment":[{"href":"https:\/\/www.europesays.com\/fr\/wp-json\/wp\/v2\/media?parent=549850"}],"wp:term":[{"taxonomy":"category","embeddable":true,"href":"https:\/\/www.europesays.com\/fr\/wp-json\/wp\/v2\/categories?post=549850"},{"taxonomy":"post_tag","embeddable":true,"href":"https:\/\/www.europesays.com\/fr\/wp-json\/wp\/v2\/tags?post=549850"}],"curies":[{"name":"wp","href":"https:\/\/api.w.org\/{rel}","templated":true}]}}