{"id":549852,"date":"2025-11-21T20:48:16","date_gmt":"2025-11-21T20:48:16","guid":{"rendered":"https:\/\/www.europesays.com\/fr\/549852\/"},"modified":"2025-11-21T20:48:16","modified_gmt":"2025-11-21T20:48:16","slug":"je-veux-completer-mon-grand-chelem-calendaire-tennistemple","status":"publish","type":"post","link":"https:\/\/www.europesays.com\/fr\/549852\/","title":{"rendered":"\u00ab Je veux compl\u00e9ter mon Grand Chelem calendaire \u00bb \u2022 TennisTemple"},"content":{"rendered":"\n<p>\ud83c\uddea\ud83c\uddf8 \u00ab Le meilleur, c\u2019est que cela ouvre de nombreuses portes pour rencontrer des idoles, rencontrer des personnes tr\u00e8s importantes, visiter et aller dans des endroits o\u00f9 vous ne pensiez jamais aller. Le probl\u00e8me, c\u2019est que tu ne peux pas rester aussi tranquille que tu le voudrais. Je suis une personne tr\u00e8s naturelle.<\/p>\n<p>Faire une promenade est quelque chose de tout \u00e0 fait normal pour moi. Cependant,&#8230;<\/p>\n<p> <a href=\"https:\/\/fr.tennistemple.com\/LaChaineTT\/post\/35527810\/le-meilleur-cest-que-cela-ouvre-de-nombreuses-portes\/\" class=\"expand\" rel=\"nofollow noopener\" target=\"_blank\">Lire en entier<\/a> <\/p>\n","protected":false},"excerpt":{"rendered":"\ud83c\uddea\ud83c\uddf8 \u00ab Le meilleur, c\u2019est que cela ouvre de nombreuses portes pour rencontrer des idoles, rencontrer des personnes&hellip;\n","protected":false},"author":2,"featured_media":549853,"comment_status":"","ping_status":"","sticky":false,"template":"","format":"standard","meta":{"footnotes":""},"categories":[1415],"tags":[1011,27,60,1467],"class_list":{"0":"post-549852","1":"post","2":"type-post","3":"status-publish","4":"format-standard","5":"has-post-thumbnail","7":"category-tennis","8":"tag-fr","9":"tag-france","10":"tag-sports","11":"tag-tennis"},"share_on_mastodon":{"url":"https:\/\/pubeurope.com\/@fr\/115589657599886101","error":""},"_links":{"self":[{"href":"https:\/\/www.europesays.com\/fr\/wp-json\/wp\/v2\/posts\/549852","targetHints":{"allow":["GET"]}}],"collection":[{"href":"https:\/\/www.europesays.com\/fr\/wp-json\/wp\/v2\/posts"}],"about":[{"href":"https:\/\/www.europesays.com\/fr\/wp-json\/wp\/v2\/types\/post"}],"author":[{"embeddable":true,"href":"https:\/\/www.europesays.com\/fr\/wp-json\/wp\/v2\/users\/2"}],"replies":[{"embeddable":true,"href":"https:\/\/www.europesays.com\/fr\/wp-json\/wp\/v2\/comments?post=549852"}],"version-history":[{"count":0,"href":"https:\/\/www.europesays.com\/fr\/wp-json\/wp\/v2\/posts\/549852\/revisions"}],"wp:featuredmedia":[{"embeddable":true,"href":"https:\/\/www.europesays.com\/fr\/wp-json\/wp\/v2\/media\/549853"}],"wp:attachment":[{"href":"https:\/\/www.europesays.com\/fr\/wp-json\/wp\/v2\/media?parent=549852"}],"wp:term":[{"taxonomy":"category","embeddable":true,"href":"https:\/\/www.europesays.com\/fr\/wp-json\/wp\/v2\/categories?post=549852"},{"taxonomy":"post_tag","embeddable":true,"href":"https:\/\/www.europesays.com\/fr\/wp-json\/wp\/v2\/tags?post=549852"}],"curies":[{"name":"wp","href":"https:\/\/api.w.org\/{rel}","templated":true}]}}