{"id":549854,"date":"2025-11-21T20:52:20","date_gmt":"2025-11-21T20:52:20","guid":{"rendered":"https:\/\/www.europesays.com\/fr\/549854\/"},"modified":"2025-11-21T20:52:20","modified_gmt":"2025-11-21T20:52:20","slug":"guidon-chalettois-leffectif-2026-actualite","status":"publish","type":"post","link":"https:\/\/www.europesays.com\/fr\/549854\/","title":{"rendered":"Guidon Chalettois : L\u2019effectif 2026 &#8211; Actualit\u00e9"},"content":{"rendered":"<p>L\u2019effectif du\u00a0<strong><a href=\"https:\/\/www.directvelo.com\/equipe\/40\/guidon-chalettois\" target=\"_blank\" rel=\"noopener\">Guidon Chalettois<\/a><\/strong> est boulevers\u00e9 pour la saison 2026. Sur les treize coureurs pr\u00e9sents, seuls trois \u00e9taient d\u00e9j\u00e0 l\u00e0 en 2025. Le club du Centre-Val de Loire a \u00e9galement une r\u00e9serve N1 de cinq coureurs.<br \/>Louis Hardouin, vainqueur du Challenge DirectVelo, <strong><a href=\"https:\/\/www.directvelo.com\/actualite\/122727\/louis-hardouin-pro-en-2026\" target=\"_blank\" rel=\"noopener\">sera professionnel chez Van Rysel-Roubaix en 2026<\/a><\/strong>.<br \/>Cette ann\u00e9e, le Guidon Chalettois a termin\u00e9 10e du Challenge DirectVelo des N1 et 4e de la Coupe de France N1.<\/p>\n<p><strong>L\u2019effectif 2026 du Guidon Chalettois :<\/strong><br \/>Jason Ansard, 24 ans<br \/>Quentin Br\u00e9ant, 18 ans (Creuse Oxyg\u00e8ne Gu\u00e9ret)<br \/>Gabriel Coulondre, 21 ans<br \/>Tanguy Floch Prigent, 21 ans (VC Rouen 76)<br \/>Manu Guerinel, 22 ans (Paris Cycliste Olympique)<br \/>Pierre Lebeau, 18 ans (Orl\u00e9ans Loiret Cyclisme U19)<br \/>Cl\u00e9ment Lef\u00e8vre, 18 ans (Orl\u00e9ans Loiret Cyclisme U19)<br \/>Adam Mouhsin, 18 ans (AC Bisontine)<br \/>Tom Portsmouth, 24 ans (Wagner Bazin WB)<br \/>Yann Quetin, 19 ans (VC Luc\u00e9en)<br \/>Hugo Tanguy, 23 ans (Plouay Cycling Team)<br \/>Hugo Th\u00e9ot, 24 ans (Paris Cycliste Olympique)<br \/>Corentin Tricot, 23 ans<\/p>\n<p><strong>R\u00e9serve<\/strong><br \/>Thibaud Bridron, 22 ans<br \/>Florian Carpentier, 23 ans<br \/>Hugo Laroche, 24 ans<br \/>Rapha\u00ebl Tricot, 19 ans<br \/>Louis Varago, 22 ans<\/p>\n<p>Les principaux d\u00e9parts : Louis Hardouin (Van Rysel-Roubaix), Axel Bonmati (VS Nivernais Morvan), Ronan Racault (VS Nivernais Morvan), Nomino\u00eb Trigodet-Bo\u00ebdec (Team LMP-La Roche Vend\u00e9e Cyclisme) et Lorenzo Magnien (arr\u00eat).<\/p>\n<p>\u00a0<\/p>\n","protected":false},"excerpt":{"rendered":"L\u2019effectif du\u00a0Guidon Chalettois est boulevers\u00e9 pour la saison 2026. Sur les treize coureurs pr\u00e9sents, seuls trois \u00e9taient d\u00e9j\u00e0&hellip;\n","protected":false},"author":2,"featured_media":549855,"comment_status":"","ping_status":"","sticky":false,"template":"","format":"standard","meta":{"footnotes":""},"categories":[1411],"tags":[834,828,836,829,837,827,83,826,824,823,1154,207,814,817,815,816,822,821,832,211,839,1011,27,820,818,819,835,831,830,833,838,60,212,208,825],"class_list":{"0":"post-549854","1":"post","2":"type-post","3":"status-publish","4":"format-standard","5":"has-post-thumbnail","7":"category-cyclisme","8":"tag-attaque","9":"tag-belgique","10":"tag-braquet","11":"tag-bretagne","12":"tag-chute","13":"tag-competition","14":"tag-coupe-de-france","15":"tag-coureur","16":"tag-course-cyclisme","17":"tag-course-cycliste","18":"tag-cycling","19":"tag-cyclisme","20":"tag-direct","21":"tag-direct-velo","22":"tag-directvelo","23":"tag-directvelo-com","24":"tag-epreuve","25":"tag-epreuve-cycliste","26":"tag-federation-francaise-de-cyclisme","27":"tag-ffc","28":"tag-flandres","29":"tag-fr","30":"tag-france","31":"tag-live","32":"tag-live-course","33":"tag-live-epreuve","34":"tag-peloton","35":"tag-radio-peloton","36":"tag-radio-tour","37":"tag-ravitaillement","38":"tag-relance","39":"tag-sports","40":"tag-uci","41":"tag-velo","42":"tag-velos"},"share_on_mastodon":{"url":"https:\/\/pubeurope.com\/@fr\/115589673457135573","error":""},"_links":{"self":[{"href":"https:\/\/www.europesays.com\/fr\/wp-json\/wp\/v2\/posts\/549854","targetHints":{"allow":["GET"]}}],"collection":[{"href":"https:\/\/www.europesays.com\/fr\/wp-json\/wp\/v2\/posts"}],"about":[{"href":"https:\/\/www.europesays.com\/fr\/wp-json\/wp\/v2\/types\/post"}],"author":[{"embeddable":true,"href":"https:\/\/www.europesays.com\/fr\/wp-json\/wp\/v2\/users\/2"}],"replies":[{"embeddable":true,"href":"https:\/\/www.europesays.com\/fr\/wp-json\/wp\/v2\/comments?post=549854"}],"version-history":[{"count":0,"href":"https:\/\/www.europesays.com\/fr\/wp-json\/wp\/v2\/posts\/549854\/revisions"}],"wp:featuredmedia":[{"embeddable":true,"href":"https:\/\/www.europesays.com\/fr\/wp-json\/wp\/v2\/media\/549855"}],"wp:attachment":[{"href":"https:\/\/www.europesays.com\/fr\/wp-json\/wp\/v2\/media?parent=549854"}],"wp:term":[{"taxonomy":"category","embeddable":true,"href":"https:\/\/www.europesays.com\/fr\/wp-json\/wp\/v2\/categories?post=549854"},{"taxonomy":"post_tag","embeddable":true,"href":"https:\/\/www.europesays.com\/fr\/wp-json\/wp\/v2\/tags?post=549854"}],"curies":[{"name":"wp","href":"https:\/\/api.w.org\/{rel}","templated":true}]}}