{"id":549860,"date":"2025-11-21T20:55:14","date_gmt":"2025-11-21T20:55:14","guid":{"rendered":"https:\/\/www.europesays.com\/fr\/549860\/"},"modified":"2025-11-21T20:55:14","modified_gmt":"2025-11-21T20:55:14","slug":"dijon-un-sac-a-main-birkin-un-tableau-dedouard-cortes-et-une-reproduction-dune-fontaine-place-darcy-en-tetes-daffiche-dune-vente-aux-encheres-ce-samedi","status":"publish","type":"post","link":"https:\/\/www.europesays.com\/fr\/549860\/","title":{"rendered":"Dijon Un sac \u00e0 main Birkin, un tableau d\u2019\u00c9douard Cort\u00e8s et une reproduction d\u2019une fontaine place Darcy, en t\u00eates d\u2019affiche d\u2019une vente aux ench\u00e8res ce samedi"},"content":{"rendered":"<p>Les commissaires-priseurs Cortot et associ\u00e9s d\u00e9voilent ce week-end leur grande vente d\u2019automne, traditionnel <a href=\"https:\/\/www.bienpublic.com\/culture-loisirs\/2024\/11\/21\/une-belle-vente-de-mobilier-et-d-oeuvres-d-art-samedi-apres-midi-a-dijon\" target=\"_blank\" rel=\"noopener\">rendez-vous annuel<\/a> o\u00f9 s\u2019alignent \u00ab\u00a0les plus beaux objets r\u00e9unis ces derniers mois\u00a0\u00bb, souligne Ma\u00eetre Hugues Cortot. Et cette \u00e9dition ne manque pas de pi\u00e8ces fortes, \u00e0 commencer par une belle collection de foulards Herm\u00e8s.<\/p>\n<p>Les amatrices de luxe auront aussi les yeux riv\u00e9s sur un sac \u00e0 main Birkin, mod\u00e8le iconique de la maison Herm\u00e8s. \u00ab\u00a0C\u2019est un sac qui fait r\u00eaver depuis des d\u00e9cennies. Celui-ci est en tr\u00e8s bel \u00e9tat, ce qui est rare car nous vendons souvent de l\u2019occasion\u00a0\u00bb, pr\u00e9cise le commissaire-priseur.<\/p>\n<p>L\u2019estimation de l\u2019objet se fait en cons\u00e9quence et s\u2019\u00e9l\u00e8ve donc \u00e0 9\u00a0000\u00a0euros. Pour les budgets plus \u00ab\u00a0modestes\u00a0\u00bb, une pochette Chanel vernis noir est \u00e9galement estim\u00e9e autour de 1\u00a0200\u00a0euros. C\u00f4t\u00e9 peinture, l\u2019un des lots phares de la journ\u00e9e sera incontestablement une toile d\u2019\u00c9douard Cort\u00e8s repr\u00e9sentant la place de la Madeleine, \u00e0 Paris, sous la neige. \u00ab\u00a0Les vues de la capitale de Cort\u00e8s restent tr\u00e8s recherch\u00e9es et sa cote demeure \u00e9lev\u00e9e\u00a0\u00bb, rappelle Ma\u00eetre Cortot. L\u2019\u0153uvre est \u00e9valu\u00e9e entre 12\u00a0000\u00a0et 15\u00a0000 euros.<\/p>\n<p>  Une reproduction de la fontaine de jeunesse, situ\u00e9e place Darcy<\/p>\n<p>La vente mettra aussi \u00e0 l\u2019honneur les arts d\u00e9coratifs avec une pi\u00e8ce qui parlera particuli\u00e8rement aux Dijonnais\u00a0: une r\u00e9duction en biscuit (c\u00e9ramique non-\u00e9maill\u00e9e) de la fontaine de jeunesse, install\u00e9e au c\u0153ur de la place Darcy, r\u00e9alis\u00e9e par l\u2019artiste Max Blondat. Haute d\u2019une trentaine de centim\u00e8tres, la sculpture non \u00e9maill\u00e9e est estim\u00e9e aux alentours de 600\u00a0euros. Au-del\u00e0 de ces lots, les ench\u00e9risseurs retrouveront une large vari\u00e9t\u00e9 d\u2019objets\u00a0: bijoux, arts de la table, collection de presse-papiers \u00ab\u00a0sulfure\u00a0\u00bb, bronzes, tableaux anciens, mobilier ancien ou design \u2014 dont un fauteuil Lounge Chair des ann\u00e9es 1960 estim\u00e9 entre 800 et 1\u00a0000\u00a0euros. \u00ab\u00a0On vend \u00e9galement une collection d\u2019\u0153uvres du peintre Jacques Chapiro, figure de l\u2019\u00e9cole de Paris, ces artistes de l\u2019entre-deux-guerres\u00a0\u00bb, reprend le commissaire-priseur. \u00ab\u00a0Nous avons une vingtaine d\u2019\u0153uvres avec un \u00e9ventail d\u2019estimations qui va de 15\u00a0euros pour une petite lithographie \u00e0 800\u00a0euros pour un grand format.\u00a0\u00bb<\/p>\n<p class=\"note\">Deux expositions ont lieu ce vendredi\u00a021 novembre jusqu\u2019\u00e0 18 h 30) et samedi 22\u00a0novembre ( de 10 heures \u00e0 12 heures) \u00e0 l\u2019H\u00f4tel des ventes Cortot et Associ\u00e9s, 44 rue de Gray \u00e0 Dijon. La vente se d\u00e9roulera samedi 22\u00a0novembre, \u00e0 partir de 14\u00a0h\u00a015, \u00e0 la m\u00eame adresse, ainsi qu\u2019en direct sur le site Interench\u00e8res.<\/p>\n","protected":false},"excerpt":{"rendered":"Les commissaires-priseurs Cortot et associ\u00e9s d\u00e9voilent ce week-end leur grande vente d\u2019automne, traditionnel rendez-vous annuel o\u00f9 s\u2019alignent \u00ab\u00a0les&hellip;\n","protected":false},"author":2,"featured_media":549861,"comment_status":"","ping_status":"","sticky":false,"template":"","format":"standard","meta":{"footnotes":""},"categories":[1358],"tags":[1348,1384,1385,1687,1386,2930,8587,58,33,8588,59,2271,107,1011,27,2661],"class_list":{"0":"post-549860","1":"post","2":"type-post","3":"status-publish","4":"format-standard","5":"has-post-thumbnail","7":"category-arts-et-design","8":"tag-arts","9":"tag-arts-and-design","10":"tag-arts-et-design","11":"tag-culture-loisirs","12":"tag-design","13":"tag-dijon","14":"tag-dijon-ville","15":"tag-divertissement","16":"tag-economie","17":"tag-edition-dijon-et-son-agglomeration","18":"tag-entertainment","19":"tag-exposition-arts-plastiques","20":"tag-fil-info","21":"tag-fr","22":"tag-france","23":"tag-patrimoine-culturel"},"share_on_mastodon":{"url":"https:\/\/pubeurope.com\/@fr\/115589685171092067","error":""},"_links":{"self":[{"href":"https:\/\/www.europesays.com\/fr\/wp-json\/wp\/v2\/posts\/549860","targetHints":{"allow":["GET"]}}],"collection":[{"href":"https:\/\/www.europesays.com\/fr\/wp-json\/wp\/v2\/posts"}],"about":[{"href":"https:\/\/www.europesays.com\/fr\/wp-json\/wp\/v2\/types\/post"}],"author":[{"embeddable":true,"href":"https:\/\/www.europesays.com\/fr\/wp-json\/wp\/v2\/users\/2"}],"replies":[{"embeddable":true,"href":"https:\/\/www.europesays.com\/fr\/wp-json\/wp\/v2\/comments?post=549860"}],"version-history":[{"count":0,"href":"https:\/\/www.europesays.com\/fr\/wp-json\/wp\/v2\/posts\/549860\/revisions"}],"wp:featuredmedia":[{"embeddable":true,"href":"https:\/\/www.europesays.com\/fr\/wp-json\/wp\/v2\/media\/549861"}],"wp:attachment":[{"href":"https:\/\/www.europesays.com\/fr\/wp-json\/wp\/v2\/media?parent=549860"}],"wp:term":[{"taxonomy":"category","embeddable":true,"href":"https:\/\/www.europesays.com\/fr\/wp-json\/wp\/v2\/categories?post=549860"},{"taxonomy":"post_tag","embeddable":true,"href":"https:\/\/www.europesays.com\/fr\/wp-json\/wp\/v2\/tags?post=549860"}],"curies":[{"name":"wp","href":"https:\/\/api.w.org\/{rel}","templated":true}]}}