{"id":549866,"date":"2025-11-21T20:59:21","date_gmt":"2025-11-21T20:59:21","guid":{"rendered":"https:\/\/www.europesays.com\/fr\/549866\/"},"modified":"2025-11-21T20:59:21","modified_gmt":"2025-11-21T20:59:21","slug":"cinema-les-aigles-de-la-republique-le-film-qui-egratigne-le-pouvoir-egyptien","status":"publish","type":"post","link":"https:\/\/www.europesays.com\/fr\/549866\/","title":{"rendered":"[CIN\u00c9MA] Les Aigles de la R\u00e9publique, le film qui \u00e9gratigne le pouvoir \u00e9gyptien"},"content":{"rendered":"<p>Tarik Saleh est un cin\u00e9aste incontournable. N\u00e9 \u00e0 Stockholm d\u2019un p\u00e8re \u00e9gyptien et d\u2019une m\u00e8re su\u00e9doise, le r\u00e9alisateur s\u2019\u00e9tait fait remarquer en 2017 avec Le Caire confidentiel. Un polar germano-scandinave au rythme soutenu \u00e9voquant le climat pr\u00e9r\u00e9volutionnaire des derni\u00e8res ann\u00e9es Moubarak, lorsque les \u00e9tudiants manifestaient dans les rues contre son r\u00e9gime. Le tournage, on s\u2019en souvient, fut interdit la veille par les autorit\u00e9s \u00e9gyptiennes, craignant sans doute que le film f\u00fbt interpr\u00e9t\u00e9 \u00e0 tort comme une l\u00e9gitimation d\u00e9guis\u00e9e du successeur de Hosni Moubarak : l\u2019islamiste Mohamed Morsi, appuy\u00e9 en 2012 par les Fr\u00e8res musulmans avant d\u2019\u00eatre renvers\u00e9 \u00e0 son tour, en 2013. Le film fut donc tourn\u00e9 en dehors de l\u2019\u00c9gypte, sur le sol marocain\u2026<\/p>\n<p>Un cran au-dessus du Caire confidentiel, en termes de qualit\u00e9 d\u2019\u00e9criture et d\u2019enjeux politiques, <a href=\"https:\/\/www.bvoltaire.fr\/cinema-la-conspiration-du-caire-reunit-tous-les-ingredients-de-la-reussite\/\" target=\"_blank\" rel=\"noopener nofollow\">La Conspiration du Caire<\/a>, sorti en 2022, confirmait Tarik Saleh en tant que cin\u00e9aste sur lequel il faudrait d\u00e9sormais compter. Ce Nom de la rose \u00e9gyptien, tourn\u00e9 en Turquie, abordait de front l\u2019entrisme des Fr\u00e8res musulmans \u00e0 l&rsquo;universit\u00e9 al-Azhar du Caire et la surveillance minutieuse dont celle-ci fait l\u2019objet de la part des autorit\u00e9s. Un film fascinant, d\u2019une densit\u00e9 rare, que l\u2019on ne saurait trop conseiller \u00e0 nos lecteurs.<\/p>\n<p>De l\u2019utilisation des arts \u00e0 des fins de propagande<\/p>\n<p>Sorti la semaine derni\u00e8re dans nos salles, le nouveau long-m\u00e9trage de Tarik Saleh, Les Aigles de la R\u00e9publique, risque bien, cependant, de lui ali\u00e9ner d\u00e9finitivement le pouvoir en place.<br \/>Largement satirique, le r\u00e9cit tourne autour d\u2019une star du cin\u00e9ma, George Fahmy, une sorte de vieux beau libidineux, clairement occidentalis\u00e9, nullement dupe de la caste politique actuelle. Pour son plus grand malheur, ce \u00ab Pharaon \u00bb du cin\u00e9ma, comme on le d\u00e9signe bien souvent, est un jour approch\u00e9 par les autorit\u00e9s qui le contraignent \u00e0 incarner le pr\u00e9sident Abdel Fattah al-Sissi dans un biopic hagiographique vantant ses m\u00e9rites \u00e0 la veille de la R\u00e9volution. Un choix curieux, dans la mesure o\u00f9 les deux hommes ne se ressemblent gu\u00e8re\u2026 En outre, durant le tournage, le com\u00e9dien s\u2019agace des facilit\u00e9s du sc\u00e9nario et des mauvais choix de mise en sc\u00e8ne du r\u00e9alisateur. Lequel semble directement surveill\u00e9 par le ministre de la D\u00e9fense&#8230; Qu\u2019importe, George n\u2019a pas son mot \u00e0 dire. Les choses, toutefois, se compliquent davantage pour lui lorsqu\u2019il fait la connaissance de l\u2019\u00e9pouse du ministre, Suzanne, avec qui s\u2019esquisse une idylle. Relation adult\u00e8re qui va se retrouver au c\u0153ur d\u2019une conspiration de grande ampleur et des luttes de pouvoir politiques entre militaires\u2026<\/p>\n<p>Pas la meilleure cible\u2026<\/p>\n<p>R\u00e9cit d\u2019un acteur \u00e0 succ\u00e8s utilis\u00e9 malgr\u00e9 lui comme un pantin par la caste dirigeante, Les Aigles de la R\u00e9publique marque la cinqui\u00e8me collaboration entre Tarik Saleh et le com\u00e9dien libano-su\u00e9dois Fares Fares. Plus ironique que les pr\u00e9c\u00e9dents, ce film parano\u00efaque sur la manipulation par les arts et la propagande nous donne l\u2019impression par moments de se tromper de cible en attaquant, bille en t\u00eate, le r\u00e9gime de Sissi. Faut-il rappeler que le pr\u00e9d\u00e9cesseur de celui-ci, l\u2019islamiste Mohamed Morsi, s\u2019\u00e9tait arrog\u00e9 les pleins pouvoirs ? Ou que Sissi, une fois devenu pr\u00e9sident, le 3 juillet 2013, modernisa les infrastructures de son pays, assainit les finances, s\u2019attaqua de front \u00e0 la corruption des \u00e9lites et d\u00e9clara la guerre aux islamistes avec l\u2019aide de ses alli\u00e9s (Arabie saoudite, \u00c9mirats arabes unis, Kowe\u00eft, Bahre\u00efn, Jordanie, Irak, Libye du g\u00e9n\u00e9ral Haftar, Syrie d\u2019Assad, Russie, \u00c9tats-Unis) ?<br \/>\u00c0 partir de l\u00e0, qu\u2019Abdel Fattah al-Sissi n\u2019ait pas grand-chose d\u2019un d\u00e9mocrate scandinave, peu nous chaut\u2026<\/p>\n<p>3 \u00e9toiles sur 5<\/p>\n<\/p>\n<p>                    <a href=\"#\" rel=\"nofollow\" onclick=\"window.print(); pfTrackEvent('[CIN\u00c9MA] &lt;i&gt;Les Aigles de la R\u00e9publique&lt;\/i&gt;, le film qui \u00e9gratigne le pouvoir \u00e9gyptien'); return false;\" title=\"Printer Friendly, PDF &amp; Email\"><br \/>\n                    <img decoding=\"async\" src=\"https:\/\/www.europesays.com\/fr\/wp-content\/uploads\/2025\/04\/printfriendly-icon-sm.png\" alt=\"Print Friendly, PDF &amp; Email\" class=\"pf-button-img\" style=\"width: 17px;height: 17px;\"\/>Imprimer, enregistrer en PDF cet article<br \/>\n                    <\/a><\/p>\n","protected":false},"excerpt":{"rendered":"Tarik Saleh est un cin\u00e9aste incontournable. N\u00e9 \u00e0 Stockholm d\u2019un p\u00e8re \u00e9gyptien et d\u2019une m\u00e8re su\u00e9doise, le r\u00e9alisateur&hellip;\n","protected":false},"author":2,"featured_media":549867,"comment_status":"","ping_status":"","sticky":false,"template":"","format":"standard","meta":{"footnotes":""},"categories":[1354],"tags":[58,59,1346,1011,27,1360],"class_list":{"0":"post-549866","1":"post","2":"type-post","3":"status-publish","4":"format-standard","5":"has-post-thumbnail","7":"category-films","8":"tag-divertissement","9":"tag-entertainment","10":"tag-films","11":"tag-fr","12":"tag-france","13":"tag-movies"},"share_on_mastodon":{"url":"https:\/\/pubeurope.com\/@fr\/115589702421853087","error":""},"_links":{"self":[{"href":"https:\/\/www.europesays.com\/fr\/wp-json\/wp\/v2\/posts\/549866","targetHints":{"allow":["GET"]}}],"collection":[{"href":"https:\/\/www.europesays.com\/fr\/wp-json\/wp\/v2\/posts"}],"about":[{"href":"https:\/\/www.europesays.com\/fr\/wp-json\/wp\/v2\/types\/post"}],"author":[{"embeddable":true,"href":"https:\/\/www.europesays.com\/fr\/wp-json\/wp\/v2\/users\/2"}],"replies":[{"embeddable":true,"href":"https:\/\/www.europesays.com\/fr\/wp-json\/wp\/v2\/comments?post=549866"}],"version-history":[{"count":0,"href":"https:\/\/www.europesays.com\/fr\/wp-json\/wp\/v2\/posts\/549866\/revisions"}],"wp:featuredmedia":[{"embeddable":true,"href":"https:\/\/www.europesays.com\/fr\/wp-json\/wp\/v2\/media\/549867"}],"wp:attachment":[{"href":"https:\/\/www.europesays.com\/fr\/wp-json\/wp\/v2\/media?parent=549866"}],"wp:term":[{"taxonomy":"category","embeddable":true,"href":"https:\/\/www.europesays.com\/fr\/wp-json\/wp\/v2\/categories?post=549866"},{"taxonomy":"post_tag","embeddable":true,"href":"https:\/\/www.europesays.com\/fr\/wp-json\/wp\/v2\/tags?post=549866"}],"curies":[{"name":"wp","href":"https:\/\/api.w.org\/{rel}","templated":true}]}}