{"id":549868,"date":"2025-11-21T21:00:23","date_gmt":"2025-11-21T21:00:23","guid":{"rendered":"https:\/\/www.europesays.com\/fr\/549868\/"},"modified":"2025-11-21T21:00:23","modified_gmt":"2025-11-21T21:00:23","slug":"la-france-ne-prolonge-pas-sa-participation-au-fonds-mondial-de-lutte-contre-le-sida-la-tuberculose-et-le-paludisme-selon-plusieurs-associations","status":"publish","type":"post","link":"https:\/\/www.europesays.com\/fr\/549868\/","title":{"rendered":"La France ne prolonge pas sa participation au Fonds mondial de lutte contre le sida, la tuberculose et le paludisme, selon plusieurs associations"},"content":{"rendered":"<p>                      <img loading=\"lazy\" decoding=\"async\" src=\"https:\/\/www.europesays.com\/fr\/wp-content\/uploads\/2025\/11\/4735406_ftp-import-images-1-dqwwkos7hgwv-2025-11-21t171329z-936287702-rc241iaucxrk-rtrmadp-3-g20-sum.jpeg\" alt=\"Keir Starmer, le premier ministre britannique, au sommet de reconstitution du fonds mondial, en Afrique du Sud, vendredi 21\u00a0novembre 2025.\"   width=\"664\" height=\"443\"\/>    Keir Starmer, le premier ministre britannique, au sommet de reconstitution du fonds mondial, en Afrique du Sud, vendredi 21\u00a0novembre 2025.  YVES HERMAN \/ REUTERS                        <\/p>\n<p class=\"article__paragraph  \">Le Fonds mondial de lutte contre le sida, la tuberculose et le paludisme, dont un sommet des pays donateurs organis\u00e9 vendredi 21\u00a0novembre en Afrique du Sud devait permettre la reconstitution pour les trois prochaines ann\u00e9es, a rassembl\u00e9 11,34\u00a0milliards de dollars [pr\u00e8s de 10\u00a0milliards d\u2019euros], <a href=\"https:\/\/x.com\/assoAIDES\/status\/1991923302462566690\/photo\/1\" target=\"_blank\" rel=\"noopener nofollow\" title=\"Nouvelle fen\u00eatre\">selon plusieurs associations et ONG<\/a>, loin de l\u2019objectif vis\u00e9 de 18\u00a0milliards de dollars.<\/p>\n<p>   Lire plus tard  <\/p>\n<p class=\"article__paragraph  \">Dans un communiqu\u00e9 diffus\u00e9 vendredi \u00e0 17\u00a0heures, AIDES, Action Sant\u00e9 Mondiale, Coalition PLUS, ONE, Sidaction ont d\u00e9plor\u00e9 l\u2019absence de promesse de don par la France, jusqu\u2019ici deuxi\u00e8me contributeur du fonds. \u00ab\u00a0Cet acte constitue un abandon des malades, de la sant\u00e9 mondiale et de la lutte contre les \u00e9pid\u00e9mies les plus meurtri\u00e8res au monde. Elle sape toute cr\u00e9dibilit\u00e9 diplomatique de la France en sant\u00e9\u00a0\u00bb, s\u2019insurgent les organisations. Ni l\u2019Elys\u00e9e, ni le Quai d\u2019Orsay n\u2019avaient, vendredi en d\u00e9but de soir\u00e9e, comment\u00e9 cette information.<\/p>\n<p class=\"article__paragraph  \">L\u2019objectif de collecte de 18\u00a0milliards de dollars permettait, selon les calculs du fonds, de sauver 23\u00a0millions de vies sur et de r\u00e9duire des deux tiers environ (64\u00a0%) le taux de mortalit\u00e9 combin\u00e9 du sida, de la tuberculose et du paludisme d\u2019ici 2029.<\/p>\n<p class=\"author__detail\">  Le Monde  <\/p>\n<p>L\u2019espace des contributions est r\u00e9serv\u00e9 aux abonn\u00e9s.<\/p>\n<p>Abonnez-vous pour acc\u00e9der \u00e0 cet espace d\u2019\u00e9change et contribuer \u00e0 la discussion.<\/p>\n<p>    <a href=\"https:\/\/abo.lemonde.fr\/?edi_medium=BOUTONS_LMFR&amp;edi_campaign=CONTRIBUTION_ARTICLE\" class=\"btn btn--premium js-btn-premium\" rel=\"nofollow noopener\" target=\"_blank\">S\u2019abonner<\/a>              <a href=\"https:\/\/www.lemonde.fr\/syndication\/\" class=\"reuse__content\" title=\"R\u00e9utiliser ce contenu\" target=\"_blank\" rel=\"nofollow noopener\">R\u00e9utiliser ce contenu<\/a>      <\/p>\n","protected":false},"excerpt":{"rendered":"Keir Starmer, le premier ministre britannique, au sommet de reconstitution du fonds mondial, en Afrique du Sud, vendredi&hellip;\n","protected":false},"author":2,"featured_media":549869,"comment_status":"","ping_status":"","sticky":false,"template":"","format":"standard","meta":{"footnotes":""},"categories":[10],"tags":[1011,27,72,71],"class_list":{"0":"post-549868","1":"post","2":"type-post","3":"status-publish","4":"format-standard","5":"has-post-thumbnail","7":"category-sante","8":"tag-fr","9":"tag-france","10":"tag-health","11":"tag-sante"},"share_on_mastodon":{"url":"https:\/\/pubeurope.com\/@fr\/115589705138249731","error":""},"_links":{"self":[{"href":"https:\/\/www.europesays.com\/fr\/wp-json\/wp\/v2\/posts\/549868","targetHints":{"allow":["GET"]}}],"collection":[{"href":"https:\/\/www.europesays.com\/fr\/wp-json\/wp\/v2\/posts"}],"about":[{"href":"https:\/\/www.europesays.com\/fr\/wp-json\/wp\/v2\/types\/post"}],"author":[{"embeddable":true,"href":"https:\/\/www.europesays.com\/fr\/wp-json\/wp\/v2\/users\/2"}],"replies":[{"embeddable":true,"href":"https:\/\/www.europesays.com\/fr\/wp-json\/wp\/v2\/comments?post=549868"}],"version-history":[{"count":0,"href":"https:\/\/www.europesays.com\/fr\/wp-json\/wp\/v2\/posts\/549868\/revisions"}],"wp:featuredmedia":[{"embeddable":true,"href":"https:\/\/www.europesays.com\/fr\/wp-json\/wp\/v2\/media\/549869"}],"wp:attachment":[{"href":"https:\/\/www.europesays.com\/fr\/wp-json\/wp\/v2\/media?parent=549868"}],"wp:term":[{"taxonomy":"category","embeddable":true,"href":"https:\/\/www.europesays.com\/fr\/wp-json\/wp\/v2\/categories?post=549868"},{"taxonomy":"post_tag","embeddable":true,"href":"https:\/\/www.europesays.com\/fr\/wp-json\/wp\/v2\/tags?post=549868"}],"curies":[{"name":"wp","href":"https:\/\/api.w.org\/{rel}","templated":true}]}}