{"id":549872,"date":"2025-11-21T21:03:13","date_gmt":"2025-11-21T21:03:13","guid":{"rendered":"https:\/\/www.europesays.com\/fr\/549872\/"},"modified":"2025-11-21T21:03:13","modified_gmt":"2025-11-21T21:03:13","slug":"sofia-morgavi-sexplique-sur-ce-g","status":"publish","type":"post","link":"https:\/\/www.europesays.com\/fr\/549872\/","title":{"rendered":"Sofia Morgavi s&rsquo;explique sur ce g &#8230;"},"content":{"rendered":"<p>EN BREF<\/p>\n<ul class=\"bloc_resume_post_list\">\n<li>Sofia Morgavi, professeure de chant \u00e0 la Star Academy<br \/>\ndepuis 2024, succ\u00e8de \u00e0 Adeline Toniutti.<\/li>\n<li>Elle impose rigueur et bienveillance, encourageant les<br \/>\n\u00e9l\u00e8ves \u00e0 travailler leur technique et posture.<\/li>\n<li>Son approche moderne et empathique red\u00e9finit les m\u00e9thodes<br \/>\nd\u00a0\u00bbenseignement de la Star Academy en 2025.<\/li>\n<\/ul>\n<p>Sofia Morgavi est la <strong data-start=\"223\" data-end=\"247\">professeure de chant<\/strong> de la Star Academy 2025 depuis la saison 2024. Un<br \/>\nr\u00f4le \u00e0 la fois strat\u00e9gique et glissant. Elle succ\u00e8de en effet \u00e0<br \/>\n<a href=\"https:\/\/www.telestar.fr\/tele_realite\/adeline-toniutti-navale-toujours-pas-son-eviction-de-la-star-academy-on-me-parle-toujours-de-la-1742907\" target=\"_blank\" rel=\"noopener\"><br \/>\nAdeline Toniutti, qui \u00e9tait tr\u00e8s appr\u00e9ci\u00e9e du public<\/a>. Dans<br \/>\nl&rsquo;\u00e9mission, elle aussi est appr\u00e9ci\u00e9e. Elle se d\u00e9marque notamment<br \/>\npar son exigence. Elle <strong>recadre les \u00e9l\u00e8ves quand ils ne sont<br \/>\npas concentr\u00e9s<\/strong>, tout en les poussant \u00e0 travailler leur<br \/>\nposture, leur ancrage, leur technique, notamment. Mais ce, toujours<br \/>\ndans la bienveillance.<\/p>\n<p>C&rsquo;est d&rsquo;ailleurs une des valeurs cardinales de la professeure.<br \/>\nDans une interview \u00e0 T\u00e9l\u00e9 Star, elle s&rsquo;est expliqu\u00e9 sur ce<br \/>\ngros changement de la Star Academy. En effet, chacun a pu remarquer<br \/>\nque les enseignants se comportaient tr\u00e8s diff\u00e9remment que ceux des<br \/>\nann\u00e9es 2000. Au programme, en 2025 : <strong>davantage d&rsquo;\u00e9coute et<br \/>\nde bienveillance<\/strong>, donc.<\/p>\n<p>Sofia Morgavi explique pourquoi elle ne regardait pas la Star<br \/>\nAcademy avant<\/p>\n<p>\u00a0\u00ab\u00a0En tant que professeure, je ne voulais pas reproduire<br \/>\nla verticalit\u00e9 de ceux que j&rsquo;avais eus. C&rsquo;est important de<br \/>\ncomprendre les besoins \u00e9motionnels des \u00e9l\u00e8ves. Je ne regardais pas<br \/>\nle programme \u00e0 l&rsquo;\u00e9poque, car <strong>j&rsquo;\u00e9tais en pleine p\u00e9riode<br \/>\nop\u00e9ratique<\/strong>, mais je pense qu&rsquo;en 2025, la m\u00e9chancet\u00e9 s&rsquo;est<br \/>\nd\u00e9plac\u00e9e ailleurs. <strong>Ce ne sont plus les tenants de la<br \/>\nconnaissance qui assument ce r\u00f4le<\/strong>, mais les ignorants, sur<br \/>\nles r\u00e9seaux sociaux\u00a0\u00bb, a analys\u00e9 Sofia Morgavi dans nos<br \/>\ncolonnes.<\/p>\n<p>Pour autant, <a href=\"https:\/\/www.telestar.fr\/tele_realite\/star-academy-2025-oh-mais-il-y-a-une-larmichette-une-eleve-reussit-a-emouvoir-un-prof-habituellement-impassible-1745889\" target=\"_blank\" rel=\"noopener\"><br \/>\nune plus grande \u00e9coute et une plus grande souplesse<\/a> ne signifie<br \/>\npas qu&rsquo;il y a moins de rigueur. Ni que les acad\u00e9miciens sont moins<br \/>\ntalentueux. Au contraire. La professeure admire sur \u00e9l\u00e8ves sur de<br \/>\nnombreux aspects. \u00ab\u00a0Ce qui m&rsquo;\u00e9pate, c&rsquo;est qu&rsquo;ils sont<br \/>\nvolontaires et matures, peut-\u00eatre encore plus aguerris\u00a0\u00bb,<br \/>\na-t-elle compliment\u00e9.<\/p>\n<p>\u00ab\u00a0Je ne suis pas dure, j&rsquo;ai<br \/>\nde&#8230;\u00a0\u00bb<\/p>\n<p>En novembre 2024, sur <a href=\"https:\/\/www.sudradio.fr\/medias\/sofia-morgavi-chant-star-academy-interview?utm_source=chatgpt.com\" target=\"_blank\" rel=\"noopener\"><br \/>\nSud Radio<\/a>, Sofia Morgavi avait d\u00e9j\u00e0 parl\u00e9 de sa fa\u00e7on<br \/>\nde voir les choses . Et ses mots \u00e9taient d\u00e9j\u00e0 pleins d&rsquo;amour :<br \/>\n\u00ab\u00a0Je suis rigoureuse. Je veux les faire progresser, \u00e7a passe par<br \/>\ndu travail, de la pr\u00e9cision. <strong>Je ne suis pas dure,<\/strong><br \/>\nj\u2019ai de l\u2019ambition pour ces petits\u00a0\u00bb.<\/p>\n<p>Ces citations montrent bien la conception de la chanteuse<br \/>\nprofessionnelle\u00a0: <a href=\"https:\/\/www.telestar.fr\/tele_realite\/star-academy-2024-sofia-morgavi-veut-pas-faire-le-gendarme-mais-les-eleves-ly-obligent-1702461\" target=\"_blank\" rel=\"noopener\"><br \/>\nune prof exigeante, mais tr\u00e8s impliqu\u00e9e<\/a>, qui veut pousser ses<br \/>\n\u00e9l\u00e8ves \u00e0 <strong>donner le meilleur d\u2019eux-m\u00eames<\/strong> tout en<br \/>\nleur insufflant de la confiance.<\/p>\n<p>Interview \u00e0 retrouver en int\u00e9gralit\u00e9 dans votre magazine<br \/>\nT\u00e9l\u00e9 Star en kiosque et en version num\u00e9rique ce lundi 24 novembre<br \/>\n2025<\/p>\n","protected":false},"excerpt":{"rendered":"EN BREF Sofia Morgavi, professeure de chant \u00e0 la Star Academy depuis 2024, succ\u00e8de \u00e0 Adeline Toniutti. Elle&hellip;\n","protected":false},"author":2,"featured_media":549873,"comment_status":"","ping_status":"","sticky":false,"template":"","format":"standard","meta":{"footnotes":""},"categories":[8],"tags":[548,58,59,1011,27,59699],"class_list":{"0":"post-549872","1":"post","2":"type-post","3":"status-publish","4":"format-standard","5":"has-post-thumbnail","7":"category-divertissement","8":"tag-article-simple","9":"tag-divertissement","10":"tag-entertainment","11":"tag-fr","12":"tag-france","13":"tag-star-academy-2025"},"share_on_mastodon":{"url":"https:\/\/pubeurope.com\/@fr\/115589716734912551","error":""},"_links":{"self":[{"href":"https:\/\/www.europesays.com\/fr\/wp-json\/wp\/v2\/posts\/549872","targetHints":{"allow":["GET"]}}],"collection":[{"href":"https:\/\/www.europesays.com\/fr\/wp-json\/wp\/v2\/posts"}],"about":[{"href":"https:\/\/www.europesays.com\/fr\/wp-json\/wp\/v2\/types\/post"}],"author":[{"embeddable":true,"href":"https:\/\/www.europesays.com\/fr\/wp-json\/wp\/v2\/users\/2"}],"replies":[{"embeddable":true,"href":"https:\/\/www.europesays.com\/fr\/wp-json\/wp\/v2\/comments?post=549872"}],"version-history":[{"count":0,"href":"https:\/\/www.europesays.com\/fr\/wp-json\/wp\/v2\/posts\/549872\/revisions"}],"wp:featuredmedia":[{"embeddable":true,"href":"https:\/\/www.europesays.com\/fr\/wp-json\/wp\/v2\/media\/549873"}],"wp:attachment":[{"href":"https:\/\/www.europesays.com\/fr\/wp-json\/wp\/v2\/media?parent=549872"}],"wp:term":[{"taxonomy":"category","embeddable":true,"href":"https:\/\/www.europesays.com\/fr\/wp-json\/wp\/v2\/categories?post=549872"},{"taxonomy":"post_tag","embeddable":true,"href":"https:\/\/www.europesays.com\/fr\/wp-json\/wp\/v2\/tags?post=549872"}],"curies":[{"name":"wp","href":"https:\/\/api.w.org\/{rel}","templated":true}]}}