{"id":549876,"date":"2025-11-21T21:05:14","date_gmt":"2025-11-21T21:05:14","guid":{"rendered":"https:\/\/www.europesays.com\/fr\/549876\/"},"modified":"2025-11-21T21:05:14","modified_gmt":"2025-11-21T21:05:14","slug":"la-hausse-de-la-tva-sur-les-bouteilles-deau-a-usage-unique-fait-debat-a-lassemblee","status":"publish","type":"post","link":"https:\/\/www.europesays.com\/fr\/549876\/","title":{"rendered":"la hausse de la TVA sur les bouteilles d\u2019eau \u00e0 usage unique fait d\u00e9bat \u00e0 l\u2019Assembl\u00e9e"},"content":{"rendered":"<p>\n    <strong>D\u00c9CRYPTAGE <\/strong>&#8211; Un amendement au budget 2026 vise \u00e0 r\u00e9duire la pollution g\u00e9n\u00e9r\u00e9e par la consommation d\u2019emballages en plastique, verre ou encore aluminium. Le syndicat de l\u2019industrie plastique d\u00e9nonce un \u00abscandale\u00bb qui pourrait \u00abco\u00fbter cher\u00bb au consommateur.<\/p>\n<p class=\"fig-paragraph\">D\u00e9cid\u00e9ment, le plastique est au c\u0153ur des\u00a0<a href=\"http:\/\/www.lefigaro.fr\/politique\/empetre-dans-le-budget-sebastien-lecornu-tarde-a-relancer-une-planification-ecologique-au-ralenti-20251121\" data-fig-type=\"Article\" data-gtm-custom-categorie=\"navigation\" data-gtm-custom-action=\"crossclick\" data-gtm-custom-label=\"Contextuel\" data-gtm-event=\"customEventSPE\" data-fig-domain=\"LEFIGARO\" target=\"_blank\" rel=\"noopener\">d\u00e9bats budg\u00e9taires<\/a>\u00a0en cette fin de semaine. Et l\u2019Assembl\u00e9e nationale a \u00e9t\u00e9 le th\u00e9\u00e2tre d\u2019un curieux revirement\u00a0: alors qu\u2019ils avaient rejet\u00e9, mercredi 19 novembre, l\u2019instauration d\u2019une taxe sur les emballages plastique, les d\u00e9put\u00e9s ont adopt\u00e9 le lendemain un amendement pour augmenter le taux de TVA sur la vente d\u2019eau et de boissons non alcoolis\u00e9es contenues dans une bouteille \u00e0 usage unique. Une mesure qui a suscit\u00e9 la col\u00e8re des d\u00e9put\u00e9s RN &#8211; dont leur patronne, Marine Le\u00a0Pen, qui a d\u00e9nonc\u00e9 un \u00abpur scandale, d\u2019une injustice et d\u2019une brutalit\u00e9 inou\u00efes\u00bb &#8211; sur fond de crainte d\u2019une hausse du prix final pour le consommateur.<\/p>\n<p class=\"fig-paragraph\">En France, tout produit alimentaire ou boisson (hors alcool) conditionn\u00e9 dans un contenant permettant sa consommation diff\u00e9r\u00e9e est soumis \u00e0 un taux de TVA r\u00e9duit de 5,5%. Or, l\u2019amendement r\u00e9tablit le taux de TVA normal de 20% pour l\u2019eau et toutes les autres boissons, \u00e0 l\u2019exception du\u00a0<a href=\"http:\/\/www.lefigaro.fr\/conso\/des-packs-de-lait-en-apparence-caille-rappeles-par-carrefour-20250821\" data-fig-type=\"NewsFlash\" data-gtm-custom-categorie=\"navigation\" data-gtm-custom-action=\"crossclick\" data-gtm-custom-label=\"Contextuel\" data-gtm-event=\"customEventSPE\" data-fig-domain=\"LEFIGARO\" target=\"_blank\" rel=\"noopener\">lait<\/a>, vendues dans un emballage \u00e0 usage unique\u2026<\/p>\n<p class=\"fig-premium-paywall__infos\">\n        Cet article est r\u00e9serv\u00e9 aux abonn\u00e9s.        Il vous reste 82% \u00e0 d\u00e9couvrir.\n    <\/p>\n<p>                <img  data- alt=\"Le Figaro\" class=\"fig-img--complete fig-img\"\/><\/p>\n<p class=\"fig-premium-paywall__title\">Black Friday<\/p>\n<p class=\"fig-premium-paywall__subtitle\">-70% sur l&rsquo;abonnement num\u00e9rique<\/p>\n<p class=\"fig-premium-paywall__connect\">\n                D\u00e9j\u00e0 abonn\u00e9\u00a0?                <a class=\"fig-premium-paywall__connect-link\" href=\"https:\/\/connect.lefigaro.fr\/login?client=horizon_web&amp;type=main&amp;redirect_uri=https%3A%2F%2Fwww.lefigaro.fr%2Fconso%2Fd-une-brutalite-inouie-la-hausse-de-la-tva-sur-les-bouteilles-d-eau-a-usage-unique-fait-debat-a-l-assemblee-20251121\" data-js-gtm=\"{&quot;customCategorie&quot;: &quot;conversion&quot;, &quot;customAction&quot;: &quot;before_Landing_Connexion_paywall_auto&quot;, &quot;customLabel&quot;: &quot;bGVmaWdhcm8uZnJfXzFmMGM2ZWViLTY0NmUtNjNlMC04ODc3LTAzOTU3NjNjMTg2Y19fTmV3c0ZsYXNo_\u00abD\u2019une brutalit\u00e9 inou\u00efe\u00bb\u00a0: la hausse de la TVA sur les bouteilles d\u2019eau \u00e0 usage unique fait d\u00e9bat \u00e0 l\u2019Assembl\u00e9e_327&quot;, &quot;customIDSPE&quot;: &quot;bGVmaWdhcm8uZnJfXzFmMGM2ZWViLTY0NmUtNjNlMC04ODc3LTAzOTU3NjNjMTg2Y19fTmV3c0ZsYXNo&quot;, &quot;event&quot;: &quot;customEventSPE&quot;}\" target=\"_blank\" rel=\"noopener\"><br \/>\n                    Connectez-vous<br \/>\n                <\/a>\n            <\/p>\n","protected":false},"excerpt":{"rendered":"D\u00c9CRYPTAGE &#8211; Un amendement au budget 2026 vise \u00e0 r\u00e9duire la pollution g\u00e9n\u00e9r\u00e9e par la consommation d\u2019emballages en&hellip;\n","protected":false},"author":2,"featured_media":549877,"comment_status":"","ping_status":"","sticky":false,"template":"","format":"standard","meta":{"footnotes":""},"categories":[6],"tags":[35,4858,33,34,30558,1011,27,7121],"class_list":{"0":"post-549876","1":"post","2":"type-post","3":"status-publish","4":"format-standard","5":"has-post-thumbnail","7":"category-economie","8":"tag-business","9":"tag-eau","10":"tag-economie","11":"tag-economy","12":"tag-emballages","13":"tag-fr","14":"tag-france","15":"tag-tva"},"share_on_mastodon":{"url":"https:\/\/pubeurope.com\/@fr\/115589724711252278","error":""},"_links":{"self":[{"href":"https:\/\/www.europesays.com\/fr\/wp-json\/wp\/v2\/posts\/549876","targetHints":{"allow":["GET"]}}],"collection":[{"href":"https:\/\/www.europesays.com\/fr\/wp-json\/wp\/v2\/posts"}],"about":[{"href":"https:\/\/www.europesays.com\/fr\/wp-json\/wp\/v2\/types\/post"}],"author":[{"embeddable":true,"href":"https:\/\/www.europesays.com\/fr\/wp-json\/wp\/v2\/users\/2"}],"replies":[{"embeddable":true,"href":"https:\/\/www.europesays.com\/fr\/wp-json\/wp\/v2\/comments?post=549876"}],"version-history":[{"count":0,"href":"https:\/\/www.europesays.com\/fr\/wp-json\/wp\/v2\/posts\/549876\/revisions"}],"wp:featuredmedia":[{"embeddable":true,"href":"https:\/\/www.europesays.com\/fr\/wp-json\/wp\/v2\/media\/549877"}],"wp:attachment":[{"href":"https:\/\/www.europesays.com\/fr\/wp-json\/wp\/v2\/media?parent=549876"}],"wp:term":[{"taxonomy":"category","embeddable":true,"href":"https:\/\/www.europesays.com\/fr\/wp-json\/wp\/v2\/categories?post=549876"},{"taxonomy":"post_tag","embeddable":true,"href":"https:\/\/www.europesays.com\/fr\/wp-json\/wp\/v2\/tags?post=549876"}],"curies":[{"name":"wp","href":"https:\/\/api.w.org\/{rel}","templated":true}]}}