{"id":549878,"date":"2025-11-21T21:06:12","date_gmt":"2025-11-21T21:06:12","guid":{"rendered":"https:\/\/www.europesays.com\/fr\/549878\/"},"modified":"2025-11-21T21:06:12","modified_gmt":"2025-11-21T21:06:12","slug":"dans-ce-bar-britannique-les-personnes-seules-ne-sont-pas-les-bienvenues","status":"publish","type":"post","link":"https:\/\/www.europesays.com\/fr\/549878\/","title":{"rendered":"Dans ce bar britannique, les personnes seules ne sont pas les bienvenues"},"content":{"rendered":"<p>Si vous \u00eates seul, vous n\u2019\u00eates pas le bienvenu. L\u2019Alibi, un bar \u00e0 cocktails et karaok\u00e9 de la r\u00e9gion du Grand Manchester (<a href=\"https:\/\/www.20minutes.fr\/monde\/royaume-uni\/\" class=\"c-link c-link--is-underlined\" rel=\"nofollow noopener\" target=\"_blank\">Royaume-Uni<\/a>), fait face \u00e0 une vague de critiques sur les r\u00e9seaux sociaux. Depuis l\u2019ouverture de l\u2019\u00e9tablissement en\u00a02022, Carl Peters, son propri\u00e9taire, interdit l\u2019acc\u00e8s \u00e0 l\u2019\u00e9tablissement \u00e0 toute personne se pr\u00e9sentant seule apr\u00e8s 21 heures, rapporte <a href=\"https:\/\/www.independent.co.uk\/life-style\/solo-single-drinkers-ban-bar-pub-b2868179.html?callback=in&amp;code=YJQ4NJVIMGITMME3NS0ZZMJJLTG5YMUTNDA2MTA1YJHJMWNH&amp;state=792bab51e2e14b619156a9e282a4b763\" rel=\"nofollow noopener\" target=\"_blank\" class=\"c-link c-link--is-underlined\">The Independent<\/a>. Un panneau \u00e0 l\u2019entr\u00e9e indique que cette mesure vise \u00e0 assurer \u00ab\u00a0<a href=\"https:\/\/www.20minutes.fr\/societe\/securite\/\" class=\"c-link c-link--is-underlined\" rel=\"nofollow noopener\" target=\"_blank\">la s\u00e9curit\u00e9<\/a> de tous les clients\u00a0\u00bb.<\/p>\n<p>La pol\u00e9mique a \u00e9clat\u00e9 au moment o\u00f9 le responsable de l\u2019\u00e9tablissement a tent\u00e9 de r\u00e9pondre \u00e0 des accusations de discrimination via une vid\u00e9o, pr\u00e9cise <a href=\"https:\/\/www.bbc.com\/news\/articles\/cnve4eypg8zo\" rel=\"nofollow noopener\" target=\"_blank\" class=\"c-link c-link--is-underlined\">BBC<\/a>. Selon lui, les personnes seules ont tendance \u00e0 importuner les autres groupes de clients. Il estime aussi qu\u2019une personne seule dans <a href=\"https:\/\/www.20minutes.fr\/dossier\/bar\" class=\"c-link c-link--is-underlined\" rel=\"nofollow noopener\" target=\"_blank\">un bar<\/a> bond\u00e9 se trouve \u00ab\u00a0imm\u00e9diatement en situation de vuln\u00e9rabilit\u00e9\u00a0\u00bb.<\/p>\n<p>Des r\u00e9actions contrast\u00e9es<\/p>\n<p>De nombreux internautes fustigent sur les r\u00e9seaux sociaux la \u00ab\u00a0fermeture d\u2019esprit\u00a0\u00bb du g\u00e9rant. D\u2019autres le soutiennent. \u00ab\u00a0Cette r\u00e8gle a toujours fait sens pour moi, j\u2019ai h\u00e2te de passer une autre soir\u00e9e l\u00e0-bas bient\u00f4t\u00a0\u00bb, explique ainsi un client sur Instagram.<\/p>\n<\/p>\n<p>La journaliste de The Independent, elle, d\u00e9fend l\u2019id\u00e9e de pousser la porte d\u2019un lieu inconnu dans l\u2019espoir de rencontres inattendues, un concept v\u00e9hicul\u00e9 notamment par des s\u00e9ries comme Sex and the City. Elle souligne \u00e9galement que cette politique commerciale est contradictoire alors que l\u2019Organisation mondiale de la sant\u00e9 parle d&rsquo;\u00ab\u00a0\u00e9pid\u00e9mie de solitude\u00a0\u00bb. De son c\u00f4t\u00e9, le patron du bar ne compte pas faire marche arri\u00e8re. Il pr\u00e9cise dans une vid\u00e9o que les personnes refoul\u00e9es restent rares et sont souvent bien trop \u00ab\u00a0ivres\u00a0\u00bb.<\/p>\n","protected":false},"excerpt":{"rendered":"Si vous \u00eates seul, vous n\u2019\u00eates pas le bienvenu. L\u2019Alibi, un bar \u00e0 cocktails et karaok\u00e9 de la&hellip;\n","protected":false},"author":2,"featured_media":549879,"comment_status":"","ping_status":"","sticky":false,"template":"","format":"standard","meta":{"footnotes":""},"categories":[5],"tags":[47,11,9732,215,1011,27,14,74,12,473,28],"class_list":{"0":"post-549878","1":"post","2":"type-post","3":"status-publish","4":"format-standard","5":"has-post-thumbnail","7":"category-international","8":"tag-actualite","9":"tag-actualites","10":"tag-bar","11":"tag-commerce","12":"tag-fr","13":"tag-france","14":"tag-international","15":"tag-monde","16":"tag-news","17":"tag-royaume-uni","18":"tag-world"},"share_on_mastodon":{"url":"https:\/\/pubeurope.com\/@fr\/115589728512079396","error":""},"_links":{"self":[{"href":"https:\/\/www.europesays.com\/fr\/wp-json\/wp\/v2\/posts\/549878","targetHints":{"allow":["GET"]}}],"collection":[{"href":"https:\/\/www.europesays.com\/fr\/wp-json\/wp\/v2\/posts"}],"about":[{"href":"https:\/\/www.europesays.com\/fr\/wp-json\/wp\/v2\/types\/post"}],"author":[{"embeddable":true,"href":"https:\/\/www.europesays.com\/fr\/wp-json\/wp\/v2\/users\/2"}],"replies":[{"embeddable":true,"href":"https:\/\/www.europesays.com\/fr\/wp-json\/wp\/v2\/comments?post=549878"}],"version-history":[{"count":0,"href":"https:\/\/www.europesays.com\/fr\/wp-json\/wp\/v2\/posts\/549878\/revisions"}],"wp:featuredmedia":[{"embeddable":true,"href":"https:\/\/www.europesays.com\/fr\/wp-json\/wp\/v2\/media\/549879"}],"wp:attachment":[{"href":"https:\/\/www.europesays.com\/fr\/wp-json\/wp\/v2\/media?parent=549878"}],"wp:term":[{"taxonomy":"category","embeddable":true,"href":"https:\/\/www.europesays.com\/fr\/wp-json\/wp\/v2\/categories?post=549878"},{"taxonomy":"post_tag","embeddable":true,"href":"https:\/\/www.europesays.com\/fr\/wp-json\/wp\/v2\/tags?post=549878"}],"curies":[{"name":"wp","href":"https:\/\/api.w.org\/{rel}","templated":true}]}}