{"id":549880,"date":"2025-11-21T21:07:18","date_gmt":"2025-11-21T21:07:18","guid":{"rendered":"https:\/\/www.europesays.com\/fr\/549880\/"},"modified":"2025-11-21T21:07:18","modified_gmt":"2025-11-21T21:07:18","slug":"panique-dans-une-ecole-maternelle-les-enfants-rapportent-un-doigt-humain-a-leur-maitresse-trouve-dans-la-cour-de-recreation","status":"publish","type":"post","link":"https:\/\/www.europesays.com\/fr\/549880\/","title":{"rendered":"Panique dans une \u00e9cole maternelle\u00a0: les enfants rapportent un doigt humain \u00e0 leur ma\u00eetresse trouv\u00e9 dans la cour de r\u00e9cr\u00e9ation"},"content":{"rendered":"<p>\n                                                                Ce vendredi 21\u00a0novembre 2025, des \u00e9l\u00e8ves d\u2019une \u00e9cole primaire de Strasbourg ont d\u00e9couvert un morceau de doigt humain dans la cour de r\u00e9cr\u00e9ation. L\u2019enqu\u00eate a pu d\u00e9terminer \u00e0 qui appartenait cet \u00ab\u00a0objet inhabituel\u00a0\u00bb.\n                            <\/p>\n<p>Panique dans une \u00e9cole alsacienne. Ce vendredi, des \u00e9l\u00e8ves de l\u2019\u00e9cole primaire\u00a0Lucie Berger \u00e0 Strasbourg (Bas-Rhin) ont d\u00e9couvert un morceau de doigt humain dans la cour de r\u00e9cr\u00e9ation. Les forces de l\u2019ordre ont enqu\u00eat\u00e9 et ont retrouv\u00e9 l\u2019origine du membre, indiquent les <a href=\"https:\/\/www.dna.fr\/faits-divers-justice\/2025\/11\/21\/ils-rapportent-un-doigt-coupe-a-leur-maitresse-la-police-enquete\" target=\"_blank\" rel=\"noopener\">Derni\u00e8res Nouvelles d\u2019Alsace<\/a>.<\/p>\n<p>Un suspect ivre<\/p>\n<p>Alors qu\u2019ils se trouvaient dans la cour de r\u00e9cr\u00e9ation, les \u00e9l\u00e8ves de l\u2019\u00e9cole primaire ont rapport\u00e9 un\u00a0\u00ab\u00a0objet inhabituel\u00a0\u00bb\u00a0\u00e0 leur ma\u00eetresse\u00a0: un morceau de doigt humain. Dans un premier temps, l\u2019enseignante a d\u2019abord pens\u00e9 \u00e0 un objet en plastique d\u2019Halloween. Mais apr\u00e8s avoir consult\u00e9 l\u2019infirmi\u00e8re de l\u2019\u00e9tablissement, il s\u2019agit d\u2019un v\u00e9ritable doigt humain.<\/p>\n<p>\u00ab\u00a0Nous avons suivi de mani\u00e8re stricte le protocole de s\u00e9curit\u00e9 afin de nous assurer qu\u2019aucune menace ne pesait sur la s\u00e9curit\u00e9 des \u00e9l\u00e8ves\u00a0\u00bb, a d\u00e9clar\u00e9\u00a0le directeur de l\u2019\u00e9tablissement, Philippe Buttani.<\/p>\n<p>La police est imm\u00e9diatement alert\u00e9e et se rend sur place pour r\u00e9aliser des pr\u00e9l\u00e8vements et proc\u00e9der \u00e0 des constatations. Mais les enqu\u00eateurs n\u2019auront pas mis bien longtemps avant de savoir \u00e0 qui appartient le membre. Il s\u2019agirait d\u2019un homme, \u00ab\u00a0manifestement fortement alcoolis\u00e9\u00a0\u00bb, qui\u00a0se serait gri\u00e8vement bless\u00e9 en essayant d\u2019escalader les grilles de l\u2019\u00e9tablissement durant la nuit de jeudi \u00e0 vendredi, a expliqu\u00e9 Philippe Buttani, cit\u00e9 par le quotidien.<\/p>\n<p>Le directeur de l\u2019\u00e9tablissement a tenu \u00e0 rassurer les \u00e9l\u00e8ves ainsi que les parents. \u00ab\u00a0Les enfants ont naturellement discut\u00e9 entre eux et la pr\u00e9sence dans la cour de plusieurs agents de police les a tout naturellement intrigu\u00e9s, voire inqui\u00e9t\u00e9s. Nous avons souhait\u00e9 partager avec eux les informations dont nous disposions.\u00a0Les r\u00e9unions [organis\u00e9es en d\u00e9but d\u2019apr\u00e8s-midi] se sont d\u00e9roul\u00e9es dans le calme et les enfants ont compris que personne n\u2019avait cherch\u00e9 \u00e0 leur faire du mal.\u00a0\u00bb<\/p>\n<p>L\u2019\u00e9cole a port\u00e9 plainte pour tentative d\u2019intrusion et une enqu\u00eate a \u00e9t\u00e9 ouverte, souligne <a href=\"https:\/\/www.francebleu.fr\/infos\/faits-divers-justice\/un-doigt-humain-trouve-par-des-eleves-dans-la-cour-de-l-ecole-primaire-lucie-berger-a-strasbourg-7072781\" target=\"_blank\" rel=\"noopener\">Ici Alsace<\/a>.<\/p>\n","protected":false},"excerpt":{"rendered":"Ce vendredi 21\u00a0novembre 2025, des \u00e9l\u00e8ves d\u2019une \u00e9cole primaire de Strasbourg ont d\u00e9couvert un morceau de doigt humain&hellip;\n","protected":false},"author":2,"featured_media":549881,"comment_status":"","ping_status":"","sticky":false,"template":"","format":"standard","meta":{"footnotes":""},"categories":[4],"tags":[11,1011,27,12,25],"class_list":{"0":"post-549880","1":"post","2":"type-post","3":"status-publish","4":"format-standard","5":"has-post-thumbnail","7":"category-france","8":"tag-actualites","9":"tag-fr","10":"tag-france","11":"tag-news","12":"tag-republique-francaise"},"share_on_mastodon":{"url":"https:\/\/pubeurope.com\/@fr\/115589732511019947","error":""},"_links":{"self":[{"href":"https:\/\/www.europesays.com\/fr\/wp-json\/wp\/v2\/posts\/549880","targetHints":{"allow":["GET"]}}],"collection":[{"href":"https:\/\/www.europesays.com\/fr\/wp-json\/wp\/v2\/posts"}],"about":[{"href":"https:\/\/www.europesays.com\/fr\/wp-json\/wp\/v2\/types\/post"}],"author":[{"embeddable":true,"href":"https:\/\/www.europesays.com\/fr\/wp-json\/wp\/v2\/users\/2"}],"replies":[{"embeddable":true,"href":"https:\/\/www.europesays.com\/fr\/wp-json\/wp\/v2\/comments?post=549880"}],"version-history":[{"count":0,"href":"https:\/\/www.europesays.com\/fr\/wp-json\/wp\/v2\/posts\/549880\/revisions"}],"wp:featuredmedia":[{"embeddable":true,"href":"https:\/\/www.europesays.com\/fr\/wp-json\/wp\/v2\/media\/549881"}],"wp:attachment":[{"href":"https:\/\/www.europesays.com\/fr\/wp-json\/wp\/v2\/media?parent=549880"}],"wp:term":[{"taxonomy":"category","embeddable":true,"href":"https:\/\/www.europesays.com\/fr\/wp-json\/wp\/v2\/categories?post=549880"},{"taxonomy":"post_tag","embeddable":true,"href":"https:\/\/www.europesays.com\/fr\/wp-json\/wp\/v2\/tags?post=549880"}],"curies":[{"name":"wp","href":"https:\/\/api.w.org\/{rel}","templated":true}]}}