{"id":549900,"date":"2025-11-21T21:19:13","date_gmt":"2025-11-21T21:19:13","guid":{"rendered":"https:\/\/www.europesays.com\/fr\/549900\/"},"modified":"2025-11-21T21:19:13","modified_gmt":"2025-11-21T21:19:13","slug":"marches-de-noel-bourses-foires-a-tout-ou-chiner-au-chaud-ce-weekend-en-seine-maritime","status":"publish","type":"post","link":"https:\/\/www.europesays.com\/fr\/549900\/","title":{"rendered":"March\u00e9s de No\u00ebl, bourses, foires \u00e0 tout&#8230; O\u00f9 chiner (au chaud) ce weekend en Seine-Maritime\u00a0?"},"content":{"rendered":"<p>                    Par<br \/>\n        <strong><br \/>\n            <a href=\"https:\/\/actu.fr\/auteur\/julien-bouteiller\" title=\"Consulter tous les articles de Julien Bouteiller\" target=\"_blank\" rel=\"noopener\">Julien Bouteiller<\/a><br \/>\n                    <\/strong><\/p>\n<p>        Publi\u00e9 le<\/p>\n<p>            21 nov. 2025 \u00e0 20h52        <\/p>\n<p>Les f\u00eates approchent et vous miserez peut-\u00eatre<strong> sur la seconde main<\/strong> pour vos cadeaux. \u00c7a tombe bien, il y a pl\u00e9thore de <strong>march\u00e9s de No\u00ebl, bourses et foires \u00e0 tout<\/strong> ce weekend <a href=\"https:\/\/actu.fr\/76actu\/\" target=\"_blank\" rel=\"noopener\">en Seine-Maritime<\/a>. Voici le programme des samedi 22 et dimanche 23 novembre 2025.<\/p>\n<p>Les foires et march\u00e9s samedi en Seine-Maritime<\/p>\n<ul class=\" wall-content\">\n<li><strong>Bois-Guillaume :\u00a0<\/strong>march\u00e9 de No\u00ebl solidaire, salle Guillaume-le-Conqu\u00e9rant. Moins de 50 exposants.<\/li>\n<li><strong>Elbeuf :\u00a0<\/strong>foire \u00e0 tout, salle Franklin, de 7h \u00e0 18h30. Entre 100 et 200 exposants.<\/li>\n<li><strong>\u00c9pouville : <\/strong>march\u00e9 de No\u00ebl, salle Grimaux, de 12h \u00e0 18h. Moins de 50 exposants. Entr\u00e9e \u00e0 1 euro.<\/li>\n<li><strong>Forges-les-Eaux :\u00a0<\/strong>foire \u00e0 tout et brocante, halle Baltard. Moins de 50 exposants.<\/li>\n<li><strong>Freneuse :<\/strong> march\u00e9 de No\u00ebl, Mas le Beau Site, de 14h30 \u00e0 17h30. Moins de 50 exposants.<\/li>\n<li><strong>Houppeville :\u00a0<\/strong>bourse aux jouets, sport d\u2019hiver et f\u00eate, salle du Vivier, de 13h30 \u00e0 19h. Entre 100 et 200 exposants.<\/li>\n<\/ul>\n<ul class=\" wall-content\">\n<li><strong>Incheville :<\/strong> march\u00e9 de No\u00ebl, salle Jacques-Anquetil, de 10h \u00e0 20h. Moins de 50 exposants.<\/li>\n<li><strong>Le Havre :\u00a0<\/strong>bourse aux jouets et pu\u00e9riculture, pr\u00e9au de l\u2019\u00e9cole Jean-Zay, de 10h \u00e0 17h. Moins de 50 exposants. Entr\u00e9e \u00e0 1 euro.<\/li>\n<li><strong>Rouen :\u00a0<\/strong>march\u00e9 de No\u00ebl du Caf\u00e9 couture, maison de Quartier Ouest, rue Mustel, de 10h \u00e0 19h. Moins de 50 exposants.<\/li>\n<li><strong>Rouen :\u00a0<\/strong>march\u00e9 de No\u00ebl sur le parvis de la cath\u00e9drale.<\/li>\n<li><strong>T\u00f4tes :\u00a0<\/strong>march\u00e9 de No\u00ebl, salle des f\u00eates, de 10h \u00e0 18h. Moins de 50 exposants.<\/li>\n<li><strong>Ymare :\u00a0<\/strong>bourse aux jouets, salle des f\u00eates, de 9h \u00e0 17h30. Moins de 50 exposants.<\/li>\n<\/ul>\n<p>Les foires et march\u00e9s dimanche en Seine-Maritime<\/p>\n<ul class=\" wall-content\">\n<li><strong>Amfreville-la-mi-Voie :\u00a0<\/strong>bourse aux jouets et \u00e0 la pu\u00e9riculture, au CAC Simone-Signoret, de 10h \u00e0 17h30. Entre 50 et 100 exposants.<\/li>\n<li>\n<ul>\n<li><strong>Bois-Guillaume :\u00a0<\/strong>march\u00e9 de No\u00ebl solidaire, salle Guillaume-le-Conqu\u00e9rant. Moins de 50 exposants.<\/li>\n<li><strong>Boos :\u00a0<\/strong>march\u00e9 de No\u00ebl, salle polyvalente, de 10h \u00e0 18h. Moins de 50 exposants.<\/li>\n<li><strong>Bretteville-du-Grand-Caux :\u00a0<\/strong>foire \u00e0 tout, gymnase, de 7h \u00e0 18h. Entre 50 et 100 exposants. Entr\u00e9e \u00e0 1 euro.<\/li>\n<li><strong>Cany-Barville :\u00a0<\/strong>march\u00e9 de No\u00ebl, salle Daniel-Pierre, de 9h \u00e0 17h30. Environ 50 exposants.<\/li>\n<li><strong>Croix-Mare :\u00a0<\/strong>bourse aux jouets et \u00e0 la pu\u00e9riculture, salle des f\u00eates Andr\u00e9-Valin, de 9h \u00e0 17h. Moins de 50 exposants.\u00a0<\/li>\n<li><strong>\u00c9pouville :<\/strong> march\u00e9 de No\u00ebl, salle Grimaux, de 12h \u00e0 18h. Moins de 50 exposants. Entr\u00e9e \u00e0 1 euro.<\/li>\n<li><strong>Forges-les-Eaux :\u00a0<\/strong>foire \u00e0 tout et brocante, halle Baltard. Moins de 50 exposants.<\/li>\n<li><strong>Gainneville :\u00a0<\/strong>vide-greniers, salle du grenier \u00e0 sel, de 8h \u00e0 17h. Moins de 50 exposants. Entr\u00e9e \u00e0 1 euro.<\/li>\n<li><strong>Goderville :\u00a0<\/strong>bourse aux jouets et livres, salle des f\u00eates de la mairie, de 9h30 \u00e0 17h30. Moins de 50 exposants. Entr\u00e9e \u00e0 1 euro.<\/li>\n<li><strong>Grugny :\u00a0<\/strong>march\u00e9 de No\u00ebl, 645 route de l\u2019\u00c9tablissement, de 9h \u00e0 18h. Moins de 50 exposants.<\/li>\n<li><strong>Incheville :<\/strong> march\u00e9 de No\u00ebl, salle Jacques-Anquetil, de 10h \u00e0 18h. Moins de 50 exposants.<\/li>\n<li><strong>Isneauville :\u00a0<\/strong>foire \u00e0 la pu\u00e9riculture, jouets et v\u00eatements, complexe sportif Am\u00e9lie-Mauresmo, de 9h \u00e0 17h. Entre 50 et 100 exposants.<\/li>\n<li><strong>La Bouille :\u00a0<\/strong>bourse aux jouets \u00e0 la pu\u00e9riculture, salle polyvalente, de 9h30 \u00e0 17h. Moins de 50 exposants.<\/li>\n<li><strong>Le Havre :\u00a0<\/strong>vide-greniers de la FMH, salle des f\u00eates Franklin, de 8h30 \u00e0 17h. Entre 50 et 100 exposants.<\/li>\n<li><strong>Le Tr\u00e9port :\u00a0<\/strong>vide-greniers, salle Reggiani et gymnase Lagrange, de 8h \u00e0 17h30. Entre 100 et 200 exposants.<\/li>\n<li><strong>Les Loges :\u00a0<\/strong>march\u00e9 de No\u00ebl, salle des sports, de 9h \u00e0 18h. Entre 50 et 100 exposants. Entr\u00e9e \u00e0 1 euro.<\/li>\n<li><strong>Montivilliers :\u00a0<\/strong>vide-greniers de l\u2019APEEL, pr\u00e9au de l\u2019\u00e9cole Victor-Hugo, de 8h \u00e0 17h. Entre 50 et 100 exposants.<\/li>\n<li><strong>Montivilliers :\u00a0<\/strong>bourse aux jouets, gymnase Christian-Gand, de 9h \u00e0 17h. Entre 100 et 200 exposants. Entr\u00e9e \u00e0 1 euro.<\/li>\n<li><strong>Montmain :\u00a0<\/strong>march\u00e9 de No\u00ebl au gymnase, de 10h \u00e0 17h30. Moins de 50 exposants.<\/li>\n<li><strong>Riville :\u00a0<\/strong>bourse aux jouets \u00e0 la salle des f\u00eates, de 9h \u00e0 17h. Moins de 50 exposants. Entr\u00e9e \u00e0 1 euro.<\/li>\n<li><strong>Rouen :<\/strong>\u00a0march\u00e9 de No\u00ebl du Caf\u00e9 couture, maison de Quartier Ouest, rue Mustel. De 10h \u00e0 19h. Moins de 50 exposants.<\/li>\n<li><strong>Rouen :\u00a0<\/strong>march\u00e9 de No\u00ebl sur le parvis de la cath\u00e9drale.<\/li>\n<li><strong>Saint-L\u00e9ger-du-Bourg-Denis :\u00a0<\/strong>bourse pu\u00e9riculture, gymnase Ostermeyer, de 9h \u00e0 17h. Entre 50 et 100 exposants.<\/li>\n<li><strong>T\u00f4tes :<\/strong>\u00a0march\u00e9 de No\u00ebl, salle des f\u00eates, de 10h \u00e0 18h. Moins de 50 exposants.<\/li>\n<li><strong>Ymare :\u00a0<\/strong>bourse aux jouets, salle des f\u00eates, de 9h \u00e0 17h30. Moins de 50 exposants.<\/li>\n<li>\u00a0<\/li>\n<\/ul>\n<\/li>\n<\/ul>\n<p>Vous souhaitez annoncer un \u00e9v\u00e9nement festif ou associatif, une initiative locale ? Rendez-vous sur notre plateforme <a href=\"https:\/\/www.infolocale.fr\/decouvrir\/actu\/\" target=\"_blank\" rel=\"noopener\">Infolocale<\/a>.<\/p>\n<p class=\" wall-content\">Personnalisez votre actualit\u00e9 en ajoutant vos villes et m\u00e9dias en favori avec <a href=\"https:\/\/moncompte.actu.fr\" title=\"D\u00e9couvez Mon Actu\" rel=\"nofollow noopener\" data-trk=\"{&quot;cta&quot;:{&quot;action&quot;:&quot;https:\\\/\\\/moncompte.actu.fr&quot;,&quot;category&quot;:&quot;mon compte&quot;,&quot;from&quot;:&quot;article footer&quot;,&quot;name&quot;:&quot;Mon actu&quot;,&quot;type&quot;:&quot;cta&quot;}}\" target=\"_blank\">Mon Actu<\/a>.<\/p>\n","protected":false},"excerpt":{"rendered":"Par Julien Bouteiller Publi\u00e9 le 21 nov. 2025 \u00e0 20h52 Les f\u00eates approchent et vous miserez peut-\u00eatre sur&hellip;\n","protected":false},"author":2,"featured_media":549901,"comment_status":"","ping_status":"","sticky":false,"template":"","format":"standard","meta":{"footnotes":""},"categories":[9587],"tags":[1111,11,6961,1777,674,10087,1011,27,1652,2089,12,5161,25,9590],"class_list":{"0":"post-549900","1":"post","2":"type-post","3":"status-publish","4":"format-standard","5":"has-post-thumbnail","7":"category-rouen","8":"tag-actu","9":"tag-actualites","10":"tag-brocante","11":"tag-eu","12":"tag-europe","13":"tag-foires-a-tout","14":"tag-fr","15":"tag-france","16":"tag-loisirs-culture","17":"tag-marche","18":"tag-news","19":"tag-normandie","20":"tag-republique-francaise","21":"tag-rouen"},"share_on_mastodon":{"url":"","error":""},"_links":{"self":[{"href":"https:\/\/www.europesays.com\/fr\/wp-json\/wp\/v2\/posts\/549900","targetHints":{"allow":["GET"]}}],"collection":[{"href":"https:\/\/www.europesays.com\/fr\/wp-json\/wp\/v2\/posts"}],"about":[{"href":"https:\/\/www.europesays.com\/fr\/wp-json\/wp\/v2\/types\/post"}],"author":[{"embeddable":true,"href":"https:\/\/www.europesays.com\/fr\/wp-json\/wp\/v2\/users\/2"}],"replies":[{"embeddable":true,"href":"https:\/\/www.europesays.com\/fr\/wp-json\/wp\/v2\/comments?post=549900"}],"version-history":[{"count":0,"href":"https:\/\/www.europesays.com\/fr\/wp-json\/wp\/v2\/posts\/549900\/revisions"}],"wp:featuredmedia":[{"embeddable":true,"href":"https:\/\/www.europesays.com\/fr\/wp-json\/wp\/v2\/media\/549901"}],"wp:attachment":[{"href":"https:\/\/www.europesays.com\/fr\/wp-json\/wp\/v2\/media?parent=549900"}],"wp:term":[{"taxonomy":"category","embeddable":true,"href":"https:\/\/www.europesays.com\/fr\/wp-json\/wp\/v2\/categories?post=549900"},{"taxonomy":"post_tag","embeddable":true,"href":"https:\/\/www.europesays.com\/fr\/wp-json\/wp\/v2\/tags?post=549900"}],"curies":[{"name":"wp","href":"https:\/\/api.w.org\/{rel}","templated":true}]}}