{"id":549907,"date":"2025-11-21T21:25:23","date_gmt":"2025-11-21T21:25:23","guid":{"rendered":"https:\/\/www.europesays.com\/fr\/549907\/"},"modified":"2025-11-21T21:25:23","modified_gmt":"2025-11-21T21:25:23","slug":"un-marche-de-noel-100-fait-main-grace-a-45-createurs-bretons-reunis-a-betton-pres-de","status":"publish","type":"post","link":"https:\/\/www.europesays.com\/fr\/549907\/","title":{"rendered":"Un march\u00e9 de No\u00ebl 100\u00a0% fait main gr\u00e2ce \u00e0 45\u00a0cr\u00e9ateurs bretons r\u00e9unis \u00e0 Betton, pr\u00e8s de"},"content":{"rendered":"<p>La boutique de cr\u00e9ation Mili\u2019n, install\u00e9e dans le centre de Betton, au nord de Rennes, sort de ses murs et organise un march\u00e9 dimanche 23\u00a0novembre. L\u2019occasion de trouver des cadeaux de No\u00ebl aupr\u00e8s de 45\u00a0artisans, concepteurs de bijoux, d\u00e9corations et autres savons locaux.<\/p>\n<p><a href=\"https:\/\/rennes.maville.com\/actu\/actudet_-betton.-mil-in-la-boutique-de-createurs-locaux-fete-ses-cinq-ans-_7-6596718_actu.Htm\" target=\"_blank\" rel=\"noopener\">Organis\u00e9 par les treize cr\u00e9atrices permanentes de la boutique Mili\u2019n<\/a>, la cinqui\u00e8me \u00e9dition du march\u00e9 de No\u00ebl de cr\u00e9ateurs de Betton, pr\u00e8s de Rennes, s\u2019annonce comme un rendez-vous incontournable pour les amateurs de belles r\u00e9alisations artisanales. Dimanche, ce n\u2019est pas moins de quarante-cinq\u00a0exposants, tous professionnels et 100\u00a0% bretons, qui pr\u00e9senteront leurs cr\u00e9ations uniques, salle Anita-Conti, place du Tr\u00e9gor.<\/p>\n<p>Ici, pas de revendeurs ni de produits fabriqu\u00e9s en s\u00e9rie\u00a0: le fait main est la seule r\u00e8gle. Sur deux \u00e9tages (accessible par ascenseur) et trois grandes salles, les visiteurs pourront d\u00e9couvrir un large \u00e9ventail de savoir-faire\u00a0: bougies, bijoux, savons, illustrations et photographies, en passant par de la sculpture sur bois, du textile et des accessoires z\u00e9ro d\u00e9chet pour enfants et adultes, des objets de d\u00e9coration et des pi\u00e8ces uniques autour du monde v\u00e9g\u00e9tal. Une belle occasion de soutenir l\u2019artisanat breton et de trouver des cadeaux originaux pour les f\u00eates.<\/p>\n<p>\u00a0Cette s\u00e9lection rigoureuse garantit la qualit\u00e9 et l\u2019authenticit\u00e9 des pi\u00e8ces propos\u00e9es\u00a0 expliquent Anna\u00efg, Lise-Anne, Isabelle et Sophie. <a href=\"https:\/\/rennes.maville.com\/actu\/actudet_-betton.-pour-ces-createurs-l-union-fait-la-boutique_52674-3829973_actu.Htm\" target=\"_blank\" rel=\"noopener\">Toutes proposent leurs produits dans la boutique d\u00e9di\u00e9e qui accueille aussi d\u2019autres savoir-faire au fil des saisons<\/a>. Cette ann\u00e9e encore, elles ont fait appel \u00e0 l\u2019association bettonnaise Dans les pas du h\u00e9risson. <a href=\"https:\/\/rennes.maville.com\/actu\/actudet_-betton.-dans-les-pas-du-herisson-une-association-pour-les-jeunes-adultes-autistes-_7-5241212_actu.Htm\" target=\"_blank\" rel=\"noopener\">Cette association familiale d\u2019int\u00e9r\u00eat g\u00e9n\u00e9ral, \u00e0 destination des jeunes autistes<\/a>, proposera une petite restauration sucr\u00e9e-sal\u00e9e et des boissons aux visiteurs pour collecter des fonds.<\/p>\n<p>Pour les habitants de la m\u00e9tropole qui souhaitent trouver des cadeaux de No\u00ebl locaux, c\u2019est aussi l\u2019occasion de faire coup double pour les courses puisque c\u2019est aussi le grand march\u00e9 alimentaire sur la place de la Cale, jusqu\u2019\u00e0 13\u00a0h.<\/p>\n<p><strong>Dimanche 23\u00a0novembre 2025<\/strong>, de 10\u00a0h \u00e018\u00a0h, \u00e0 la salle Anita-Conti 10, rue du Tr\u00e9gor, \u00e0 Betton. Entr\u00e9e gratuite.<\/p>\n<p>\u00a0<\/p>\n","protected":false},"excerpt":{"rendered":"La boutique de cr\u00e9ation Mili\u2019n, install\u00e9e dans le centre de Betton, au nord de Rennes, sort de ses&hellip;\n","protected":false},"author":2,"featured_media":549908,"comment_status":"","ping_status":"","sticky":false,"template":"","format":"standard","meta":{"footnotes":""},"categories":[2821],"tags":[20747,18132,1111,11,4395,829,20870,14063,1777,674,21,1011,27,4567,10041,2089,12,15830,3762,584,25,11386],"class_list":{"0":"post-549907","1":"post","2":"type-post","3":"status-publish","4":"format-standard","5":"has-post-thumbnail","7":"category-rennes","8":"tag-20747","9":"tag-18132","10":"tag-actu","11":"tag-actualites","12":"tag-betton","13":"tag-bretagne","14":"tag-bretons","15":"tag-createurs","16":"tag-eu","17":"tag-europe","18":"tag-fait","19":"tag-fr","20":"tag-france","21":"tag-grace","22":"tag-main","23":"tag-marche","24":"tag-news","25":"tag-noel","26":"tag-pres","27":"tag-rennes","28":"tag-republique-francaise","29":"tag-reunis"},"share_on_mastodon":{"url":"https:\/\/pubeurope.com\/@fr\/115589803303946972","error":""},"_links":{"self":[{"href":"https:\/\/www.europesays.com\/fr\/wp-json\/wp\/v2\/posts\/549907","targetHints":{"allow":["GET"]}}],"collection":[{"href":"https:\/\/www.europesays.com\/fr\/wp-json\/wp\/v2\/posts"}],"about":[{"href":"https:\/\/www.europesays.com\/fr\/wp-json\/wp\/v2\/types\/post"}],"author":[{"embeddable":true,"href":"https:\/\/www.europesays.com\/fr\/wp-json\/wp\/v2\/users\/2"}],"replies":[{"embeddable":true,"href":"https:\/\/www.europesays.com\/fr\/wp-json\/wp\/v2\/comments?post=549907"}],"version-history":[{"count":0,"href":"https:\/\/www.europesays.com\/fr\/wp-json\/wp\/v2\/posts\/549907\/revisions"}],"wp:featuredmedia":[{"embeddable":true,"href":"https:\/\/www.europesays.com\/fr\/wp-json\/wp\/v2\/media\/549908"}],"wp:attachment":[{"href":"https:\/\/www.europesays.com\/fr\/wp-json\/wp\/v2\/media?parent=549907"}],"wp:term":[{"taxonomy":"category","embeddable":true,"href":"https:\/\/www.europesays.com\/fr\/wp-json\/wp\/v2\/categories?post=549907"},{"taxonomy":"post_tag","embeddable":true,"href":"https:\/\/www.europesays.com\/fr\/wp-json\/wp\/v2\/tags?post=549907"}],"curies":[{"name":"wp","href":"https:\/\/api.w.org\/{rel}","templated":true}]}}