{"id":549911,"date":"2025-11-21T21:27:11","date_gmt":"2025-11-21T21:27:11","guid":{"rendered":"https:\/\/www.europesays.com\/fr\/549911\/"},"modified":"2025-11-21T21:27:11","modified_gmt":"2025-11-21T21:27:11","slug":"les-illuminations-des-rues-et-des-commerces-officiellement-lancees","status":"publish","type":"post","link":"https:\/\/www.europesays.com\/fr\/549911\/","title":{"rendered":"les illuminations des rues et des commerces officiellement lanc\u00e9es"},"content":{"rendered":"<p>                    Par<br \/>\n        <strong><br \/>\n            <a href=\"https:\/\/actu.fr\/auteur\/thomas-blanc\" title=\"Consulter tous les articles de Thomas Blanc\" target=\"_blank\" rel=\"noopener\">Thomas Blanc<\/a><br \/>\n                    <\/strong><\/p>\n<p>        Publi\u00e9 le<\/p>\n<p>            21 nov. 2025 \u00e0 22h03        <\/p>\n<p>Place \u00e0 <strong>la lumi\u00e8re et \u00e0 la magie<\/strong>. Ce vendredi, en d\u00e9but de soir\u00e9e, les rues de <a href=\"https:\/\/actu.fr\/strasbourg\/\" target=\"_blank\" rel=\"noopener\">Strasbourg<\/a> se sont illumin\u00e9es aux couleurs de <a href=\"https:\/\/actu.fr\/tag\/noel\" target=\"_blank\" rel=\"noopener\">No\u00ebl<\/a>. \u00c0 cette occasion, l\u2019association de commer\u00e7ants les Vitrines de Strasbourg a organis\u00e9<a href=\"https:\/\/actu.fr\/grand-est\/strasbourg_67482\/illuminations-de-noel-a-strasbourg-la-ceremonie-de-lancement-interdite-depuis-2023-revient-cette-annee_63426855.html\" target=\"_blank\" rel=\"noopener\"> une c\u00e9r\u00e9monie pr\u00e9c\u00e9dant les illuminations<\/a>, ce qui ne s\u2019\u00e9tait plus vu <strong>depuis 2022<\/strong>. En voici les meilleures images.<\/p>\n<p>Des concerts pour lancer les festivit\u00e9s<\/p>\n<p class=\" wall-content\">Pour ce \u00ab\u2009grand spectacle du lancement des illuminations des rues commer\u00e7antes de Strasbourg\u2009\u00bb, de son nom complet, <a href=\"https:\/\/actu.fr\/grand-est\/strasbourg_67482\/lancement-des-illuminations-de-noel-ce-vendredi-une-chanteuse-the-voice-donnera-un-petit-concert-gratuit_63461786.html\" target=\"_blank\" rel=\"noopener\">des repr\u00e9sentations musicales ont \u00e9t\u00e9 donn\u00e9es<\/a> <strong>sur la place Gutenberg<\/strong> de 18h30 \u00e0 19h45.<\/p>\n<blockquote class=\"tiktok-embed\" cite=\"https:\/\/www.tiktok.com\/@lorraine.actu\/video\/7575282432807652630\" data-video-id=\"7575282432807652630\" data-embed-from=\"oembed\" style=\"max-width:605px; min-width:325px;\"><p>\n<a target=\"_blank\" title=\"@lorraine.actu\" href=\"https:\/\/www.tiktok.com\/@lorraine.actu?refer=embed\" rel=\"noopener\">@lorraine.actu<\/a> <\/p>\n<p>Place \u00e0 la lumi\u00e8re et \u00e0 la magie. Ce vendredi, en d\u00e9but de soir\u00e9e, les rues de Strasbourg se sont illumin\u00e9es aux couleurs de No\u00ebl. \u00c0 cette occasion, l\u2019association de commer\u00e7ants les Vitrines de Strasbourg a organis\u00e9 une c\u00e9r\u00e9monie pr\u00e9c\u00e9dant les illuminations, ce qui ne s\u2019\u00e9tait plus vu depuis 2022. En voici les meilleures images. Pour ce \u00ab\u2009grand spectacle du lancement des illuminations des rues commer\u00e7antes de Strasbourg\u2009\u00bb, de son nom complet, des repr\u00e9sentations musicales ont \u00e9t\u00e9 donn\u00e9es sur la place Gutenberg de 18h30 \u00e0 19h45. La chorale strasbourgeoise les Gospel Kids, et la quarantaine d\u2019enfants la composant, a ouvert le bal en interpr\u00e9tant des chansons entra\u00eenantes devant un public venu en nombre pour assister \u00e0 la f\u00eate. La marraine des illuminations de Strasbourg Capitale de No\u00ebl 2025, Anne Sila, finaliste de The Voice en 2015, a ensuite interpr\u00e9t\u00e9 deux chansons accompagn\u00e9e du pianiste luxembourgeois Riadh Khodri. Un compte \u00e0 rebours et la lumi\u00e8re f\u00fbt Apr\u00e8s ces passages musicaux, Anne Sila, les Gospel Kids, Gwenn Bauer, le pr\u00e9sident des Vitrines de Strasbourg et Jeanne Barseghian, la maire de Strasbourg ont appuy\u00e9 sur le gros bouton rouge allumant officiellement les diff\u00e9rentes lumi\u00e8res des rues adjacentes. Le public s\u2019est alors dispers\u00e9 pour profiter des d\u00e9corations dans tout le centre-ville. Le grand sapin de la place Kl\u00e9ber, c\u2019est pour mercredi Beaucoup sont pass\u00e9s rue du Foss\u00e9 des Taneurs, \u00e0 deux pas de la cath\u00e9drale, et ont pu admirer la nouveaut\u00e9 de cette \u00e9dition. Cette nouvelle illumination repr\u00e9sente une pluie d\u2019\u00e9toiles et se veut comme \u00ab\u2009une v\u00e9ritable vo\u00fbte c\u00e9leste suspendue au-dessus des passants\u2009\u00bb d\u2019apr\u00e8s Gwenn Bauer, le pr\u00e9sident des Vitrines. Le march\u00e9 de No\u00ebl de Strasbourg ouvrira, lui, mercredi 26\u00a0novembre \u00e0 14h. L\u2019illumination du grand sapin de la place Kl\u00e9ber, se fera \u00e9galement ce jour-l\u00e0.<\/p>\n<p> <a target=\"_blank\" title=\"\u266c Rockin&#039; Around The Christmas Tree - Brenda Lee\" href=\"https:\/\/www.tiktok.com\/music\/RockinAround-The-Christmas-Tree-6814378834477975553?refer=embed\" rel=\"noopener\">\u266c Rockin\u2019 Around The Christmas Tree \u2013 Brenda Lee<\/a> <\/p>\n<\/blockquote>\n<p class=\" wall-content\">La chorale strasbourgeoise <strong>les<\/strong> <strong>Gospel Kids<\/strong>, et la quarantaine d\u2019enfants la composant, a ouvert le bal en interpr\u00e9tant des chansons entra\u00eenantes devant <strong>un public venu en nombre<\/strong> pour assister \u00e0 la f\u00eate. La marraine des illuminations de Strasbourg Capitale de No\u00ebl 2025, <strong>Anne Sila<\/strong>, finaliste de The Voice en 2015, a ensuite interpr\u00e9t\u00e9 deux chansons accompagn\u00e9e du pianiste luxembourgeois <strong>Riadh Khodri<\/strong>.<\/p>\n<p>Un compte \u00e0 rebours et la lumi\u00e8re f\u00fbt<\/p>\n<p class=\" wall-content\">Apr\u00e8s ces passages musicaux, <strong>Anne Sila<\/strong>, <strong>les Gospel Kids<\/strong>, <strong>Gwenn Bauer<\/strong>, le pr\u00e9sident des Vitrines de Strasbourg et <strong>Jeanne Barseghian<\/strong>, la maire de Strasbourg ont appuy\u00e9 sur le gros bouton rouge allumant officiellement les diff\u00e9rentes lumi\u00e8res des rues adjacentes.<\/p>\n<p class=\" wall-content\">Le public s\u2019est alors dispers\u00e9 pour profiter des d\u00e9corations dans tout le centre-ville.<\/p>\n<p class=\" wall-content\">\n<p>Le grand sapin de la place Kl\u00e9ber, c\u2019est pour mercredi<\/p>\n<p class=\" wall-content\">Beaucoup sont pass\u00e9s <strong>rue du Foss\u00e9 des Taneurs<\/strong>, \u00e0 deux pas de la cath\u00e9drale, et ont pu admirer la nouveaut\u00e9 de cette \u00e9dition. Cette <a href=\"https:\/\/actu.fr\/grand-est\/strasbourg_67482\/decorations-de-noel-a-strasbourg-voici-la-nouvelle-illumination-prevue-pour-l-edition-2025_63427174.html\" target=\"_blank\" rel=\"noopener\">nouvelle illumination<\/a> repr\u00e9sente une <strong>pluie d\u2019\u00e9toiles<\/strong> et se veut comme \u00ab\u2009une v\u00e9ritable <strong>vo\u00fbte c\u00e9leste suspendue<\/strong> au-dessus des passants\u2009\u00bb d\u2019apr\u00e8s Gwenn Bauer, le pr\u00e9sident des Vitrines.<\/p>\n<p>Votre r\u00e9gion, votre actu !<\/p>\n<p>Recevez chaque jour les infos qui comptent pour vous.<\/p>\n<p>\t<a href=\"https:\/\/actu.fr\/newsletter\" class=\"ac-btn ac-btn--corner ac-btn--medium ac-btn--blue800\" target=\"_blank\" rel=\"noopener\">S&rsquo;incrire<\/a><\/p>\n<p class=\" wall-content\">\n<p class=\" wall-content\">Le <a href=\"https:\/\/actu.fr\/tag\/marche-de-noel-de-strasbourg\" target=\"_blank\" rel=\"noopener\">march\u00e9 de No\u00ebl de Strasbourg<\/a> ouvrira, lui, mercredi 26\u00a0novembre \u00e0 14h. L\u2019illumination du <a href=\"https:\/\/actu.fr\/grand-est\/strasbourg_67482\/video-marche-de-noel-de-strasbourg-voici-ce-qu-il-faut-savoir-sur-le-grand-sapin-installe-place-kleber_63346091.html\" target=\"_blank\" rel=\"noopener\">grand sapin de la place Kl\u00e9ber<\/a>, se fera \u00e9galement ce jour-l\u00e0.<\/p>\n<p class=\" wall-content\">Personnalisez votre actualit\u00e9 en ajoutant vos villes et m\u00e9dias en favori avec <a href=\"https:\/\/moncompte.actu.fr\" title=\"D\u00e9couvez Mon Actu\" rel=\"nofollow noopener\" data-trk=\"{&quot;cta&quot;:{&quot;action&quot;:&quot;https:\\\/\\\/moncompte.actu.fr&quot;,&quot;category&quot;:&quot;mon compte&quot;,&quot;from&quot;:&quot;article footer&quot;,&quot;name&quot;:&quot;Mon actu&quot;,&quot;type&quot;:&quot;cta&quot;}}\" target=\"_blank\">Mon Actu<\/a>.<\/p>\n<p>                    <script async src=\"\/\/www.tiktok.com\/embed.js\"><\/script><\/p>\n","protected":false},"excerpt":{"rendered":"Par Thomas Blanc Publi\u00e9 le 21 nov. 2025 \u00e0 22h03 Place \u00e0 la lumi\u00e8re et \u00e0 la magie.&hellip;\n","protected":false},"author":2,"featured_media":549912,"comment_status":"","ping_status":"","sticky":false,"template":"","format":"standard","meta":{"footnotes":""},"categories":[2820],"tags":[1111,11,1063,1777,674,1011,27,775,1652,56596,12,15830,25,640],"class_list":{"0":"post-549911","1":"post","2":"type-post","3":"status-publish","4":"format-standard","5":"has-post-thumbnail","7":"category-strasbourg","8":"tag-actu","9":"tag-actualites","10":"tag-animations","11":"tag-eu","12":"tag-europe","13":"tag-fr","14":"tag-france","15":"tag-grand-est","16":"tag-loisirs-culture","17":"tag-marche-de-noel-de-strasbourg","18":"tag-news","19":"tag-noel","20":"tag-republique-francaise","21":"tag-strasbourg"},"share_on_mastodon":{"url":"https:\/\/pubeurope.com\/@fr\/115589811083190919","error":""},"_links":{"self":[{"href":"https:\/\/www.europesays.com\/fr\/wp-json\/wp\/v2\/posts\/549911","targetHints":{"allow":["GET"]}}],"collection":[{"href":"https:\/\/www.europesays.com\/fr\/wp-json\/wp\/v2\/posts"}],"about":[{"href":"https:\/\/www.europesays.com\/fr\/wp-json\/wp\/v2\/types\/post"}],"author":[{"embeddable":true,"href":"https:\/\/www.europesays.com\/fr\/wp-json\/wp\/v2\/users\/2"}],"replies":[{"embeddable":true,"href":"https:\/\/www.europesays.com\/fr\/wp-json\/wp\/v2\/comments?post=549911"}],"version-history":[{"count":0,"href":"https:\/\/www.europesays.com\/fr\/wp-json\/wp\/v2\/posts\/549911\/revisions"}],"wp:featuredmedia":[{"embeddable":true,"href":"https:\/\/www.europesays.com\/fr\/wp-json\/wp\/v2\/media\/549912"}],"wp:attachment":[{"href":"https:\/\/www.europesays.com\/fr\/wp-json\/wp\/v2\/media?parent=549911"}],"wp:term":[{"taxonomy":"category","embeddable":true,"href":"https:\/\/www.europesays.com\/fr\/wp-json\/wp\/v2\/categories?post=549911"},{"taxonomy":"post_tag","embeddable":true,"href":"https:\/\/www.europesays.com\/fr\/wp-json\/wp\/v2\/tags?post=549911"}],"curies":[{"name":"wp","href":"https:\/\/api.w.org\/{rel}","templated":true}]}}