{"id":549913,"date":"2025-11-21T21:28:18","date_gmt":"2025-11-21T21:28:18","guid":{"rendered":"https:\/\/www.europesays.com\/fr\/549913\/"},"modified":"2025-11-21T21:28:18","modified_gmt":"2025-11-21T21:28:18","slug":"ligue-1-le-racing-club-de-strasbourg-se-rend-a-lens-pour-voir-plus-haut","status":"publish","type":"post","link":"https:\/\/www.europesays.com\/fr\/549913\/","title":{"rendered":"Ligue 1. Le Racing club de Strasbourg se rend \u00e0 Lens pour voir plus haut"},"content":{"rendered":"<p>Comme \u00e0 chaque tr\u00eave internationale, <a href=\"https:\/\/www.dna.fr\/p\/liam-rosenior\" target=\"_blank\" rel=\"noopener\">Liam Rosenior<\/a> a accord\u00e9 une semaine off \u00e0 ses joueurs non s\u00e9lectionn\u00e9s et \u00e0 son staff pour r\u00e9cup\u00e9rer et s\u2019a\u00e9rer l\u2019esprit aupr\u00e8s de leurs proches.<\/p>\n<p>Cette fois, le coach londonien a d\u00fb d\u00e9caler son retour en raison d\u2019un deuil, ce qui lui a fait rater les deux s\u00e9ances de reprise lundi et mardi. Mais ce qu\u2019il a vu en termes d\u2019intensit\u00e9 \u00e0 la vid\u00e9o \u00e0 son arriv\u00e9e \u00e0 Strasbourg l\u2019a s\u00e9duit.<\/p>\n<p class=\"txt\">Je n\u2019ai pas pu \u00eatre l\u00e0 pour les deux premi\u00e8res s\u00e9ances de la semaine, mais j\u2019ai regard\u00e9 les vid\u00e9os et\u00a0 j\u2019ai trouv\u00e9 que mes joueurs ont travaill\u00e9 \u00e0 un niveau vraiment tr\u00e8s \u00e9lev\u00e9. Je devrais peut-\u00eatre faire des breaks plus souvent (sourire).\u00a0<\/p>\n<p class=\"nom\">Liam Rosenior, coach du Racing<\/p>\n<p>L\u2019entra\u00eeneur du Racing a aussi particuli\u00e8rement appr\u00e9ci\u00e9 <a href=\"https:\/\/www.dna.fr\/sport\/2025\/11\/19\/ces-internationaux-du-racing-club-de-strasbourg-qui-ont-valide-leur-billet-pour-la-coupe-du-monde\" target=\"_blank\" rel=\"noopener\">la parenth\u00e8se internationale de certains de ses prot\u00e9g\u00e9s<\/a>. \u00ab\u200aJ\u2019ai vu certains de mes joueurs faire leurs d\u00e9buts dans de grandes \u00e9quipes nationales, (Emmanuel) Emegha avec la Hollande, (Joaquin) Panichelli avec l\u2019Argentine, (Mamadou) Sarr avec le S\u00e9n\u00e9gal,&#8230;<\/p>\n","protected":false},"excerpt":{"rendered":"Comme \u00e0 chaque tr\u00eave internationale, Liam Rosenior a accord\u00e9 une semaine off \u00e0 ses joueurs non s\u00e9lectionn\u00e9s et&hellip;\n","protected":false},"author":2,"featured_media":549914,"comment_status":"","ping_status":"","sticky":false,"template":"","format":"standard","meta":{"footnotes":""},"categories":[2820],"tags":[1111,11,2389,2649,2880,1777,674,107,1011,27,329,775,12,41281,25,517,640],"class_list":{"0":"post-549913","1":"post","2":"type-post","3":"status-publish","4":"format-standard","5":"has-post-thumbnail","7":"category-strasbourg","8":"tag-actu","9":"tag-actualites","10":"tag-alsace","11":"tag-bas-rhin","12":"tag-edition-strasbourg","13":"tag-eu","14":"tag-europe","15":"tag-fil-info","16":"tag-fr","17":"tag-france","18":"tag-france-monde","19":"tag-grand-est","20":"tag-news","21":"tag-racing-club-strasbourg-masculin","22":"tag-republique-francaise","23":"tag-sport","24":"tag-strasbourg"},"share_on_mastodon":{"url":"https:\/\/pubeurope.com\/@fr\/115589815136420703","error":""},"_links":{"self":[{"href":"https:\/\/www.europesays.com\/fr\/wp-json\/wp\/v2\/posts\/549913","targetHints":{"allow":["GET"]}}],"collection":[{"href":"https:\/\/www.europesays.com\/fr\/wp-json\/wp\/v2\/posts"}],"about":[{"href":"https:\/\/www.europesays.com\/fr\/wp-json\/wp\/v2\/types\/post"}],"author":[{"embeddable":true,"href":"https:\/\/www.europesays.com\/fr\/wp-json\/wp\/v2\/users\/2"}],"replies":[{"embeddable":true,"href":"https:\/\/www.europesays.com\/fr\/wp-json\/wp\/v2\/comments?post=549913"}],"version-history":[{"count":0,"href":"https:\/\/www.europesays.com\/fr\/wp-json\/wp\/v2\/posts\/549913\/revisions"}],"wp:featuredmedia":[{"embeddable":true,"href":"https:\/\/www.europesays.com\/fr\/wp-json\/wp\/v2\/media\/549914"}],"wp:attachment":[{"href":"https:\/\/www.europesays.com\/fr\/wp-json\/wp\/v2\/media?parent=549913"}],"wp:term":[{"taxonomy":"category","embeddable":true,"href":"https:\/\/www.europesays.com\/fr\/wp-json\/wp\/v2\/categories?post=549913"},{"taxonomy":"post_tag","embeddable":true,"href":"https:\/\/www.europesays.com\/fr\/wp-json\/wp\/v2\/tags?post=549913"}],"curies":[{"name":"wp","href":"https:\/\/api.w.org\/{rel}","templated":true}]}}