{"id":549919,"date":"2025-11-21T21:31:40","date_gmt":"2025-11-21T21:31:40","guid":{"rendered":"https:\/\/www.europesays.com\/fr\/549919\/"},"modified":"2025-11-21T21:31:40","modified_gmt":"2025-11-21T21:31:40","slug":"peu-de-bouchons-ce-matin-sur-le-peripherique","status":"publish","type":"post","link":"https:\/\/www.europesays.com\/fr\/549919\/","title":{"rendered":"peu de bouchons ce matin sur le p\u00e9riph\u00e9rique"},"content":{"rendered":"<p>                    Par<br \/>\n        <strong><br \/>\n            <a href=\"https:\/\/actu.fr\/auteur\/redaction-nantes\" title=\"Consulter tous les articles de R\u00e9daction Nantes\" target=\"_blank\" rel=\"noopener\">R\u00e9daction Nantes<\/a><br \/>\n                    <\/strong><\/p>\n<p>        Publi\u00e9 le<\/p>\n<p>            21 nov. 2025 \u00e0 9h25        <\/p>\n<p>Le trafic routier est fluide sur les routes de l\u2019agglom\u00e9ration nantaise. Ce <b>vendredi 21\u00a0novembre 2025<\/b>, <a href=\"https:\/\/www.bison-fute.gouv.fr\/nantes,10264.html\" target=\"_blank\" rel=\"noopener\">Bison Fut\u00e9<\/a> recense (seulement) 8,5\u00a0km de bouchons cumul\u00e9s \u00e0 9\u2009h\u200917 sur l\u2019ensemble du p\u00e9riph\u00e9rique de Nantes.<\/p>\n<p>Accident sur l\u2019A11<\/p>\n<p class=\" wall-content\">\u00c0 l\u2019heure actuelle, l\u2019axe le plus congestionn\u00e9 est la N165 avec 2,6\u00a0km d\u2019embouteillages. Bison Fut\u00e9 informe d\u2019un accident sur l\u2019autoroute A11 de Nantes vers Paris (sens ouest-est) au niveau de la commune de Carquefou (Loire-Atlantique).<\/p>\n<p class=\" wall-content\">Personnalisez votre actualit\u00e9 en ajoutant vos villes et m\u00e9dias en favori avec <a href=\"https:\/\/moncompte.actu.fr\" title=\"D\u00e9couvez Mon Actu\" rel=\"nofollow noopener\" data-trk=\"{&quot;cta&quot;:{&quot;action&quot;:&quot;https:\\\/\\\/moncompte.actu.fr&quot;,&quot;category&quot;:&quot;mon compte&quot;,&quot;from&quot;:&quot;article footer&quot;,&quot;name&quot;:&quot;Mon actu&quot;,&quot;type&quot;:&quot;cta&quot;}}\" target=\"_blank\">Mon Actu<\/a>.<\/p>\n","protected":false},"excerpt":{"rendered":"Par R\u00e9daction Nantes Publi\u00e9 le 21 nov. 2025 \u00e0 9h25 Le trafic routier est fluide sur les routes&hellip;\n","protected":false},"author":2,"featured_media":549920,"comment_status":"","ping_status":"","sticky":false,"template":"","format":"standard","meta":{"footnotes":""},"categories":[2818],"tags":[1111,11,3542,1777,674,1011,27,766,12,2636,4013,25,104],"class_list":{"0":"post-549919","1":"post","2":"type-post","3":"status-publish","4":"format-standard","5":"has-post-thumbnail","7":"category-nantes","8":"tag-actu","9":"tag-actualites","10":"tag-circulation","11":"tag-eu","12":"tag-europe","13":"tag-fr","14":"tag-france","15":"tag-nantes","16":"tag-news","17":"tag-pays-de-la-loire","18":"tag-peripherique","19":"tag-republique-francaise","20":"tag-societe"},"share_on_mastodon":{"url":"https:\/\/pubeurope.com\/@fr\/115589826849748567","error":""},"_links":{"self":[{"href":"https:\/\/www.europesays.com\/fr\/wp-json\/wp\/v2\/posts\/549919","targetHints":{"allow":["GET"]}}],"collection":[{"href":"https:\/\/www.europesays.com\/fr\/wp-json\/wp\/v2\/posts"}],"about":[{"href":"https:\/\/www.europesays.com\/fr\/wp-json\/wp\/v2\/types\/post"}],"author":[{"embeddable":true,"href":"https:\/\/www.europesays.com\/fr\/wp-json\/wp\/v2\/users\/2"}],"replies":[{"embeddable":true,"href":"https:\/\/www.europesays.com\/fr\/wp-json\/wp\/v2\/comments?post=549919"}],"version-history":[{"count":0,"href":"https:\/\/www.europesays.com\/fr\/wp-json\/wp\/v2\/posts\/549919\/revisions"}],"wp:featuredmedia":[{"embeddable":true,"href":"https:\/\/www.europesays.com\/fr\/wp-json\/wp\/v2\/media\/549920"}],"wp:attachment":[{"href":"https:\/\/www.europesays.com\/fr\/wp-json\/wp\/v2\/media?parent=549919"}],"wp:term":[{"taxonomy":"category","embeddable":true,"href":"https:\/\/www.europesays.com\/fr\/wp-json\/wp\/v2\/categories?post=549919"},{"taxonomy":"post_tag","embeddable":true,"href":"https:\/\/www.europesays.com\/fr\/wp-json\/wp\/v2\/tags?post=549919"}],"curies":[{"name":"wp","href":"https:\/\/api.w.org\/{rel}","templated":true}]}}