{"id":549921,"date":"2025-11-21T21:32:23","date_gmt":"2025-11-21T21:32:23","guid":{"rendered":"https:\/\/www.europesays.com\/fr\/549921\/"},"modified":"2025-11-21T21:32:23","modified_gmt":"2025-11-21T21:32:23","slug":"fc-nantes-un-autre-ennemi-jure-pret-a-tourmenter-les-canaris-en-plus-du-stade-rennais","status":"publish","type":"post","link":"https:\/\/www.europesays.com\/fr\/549921\/","title":{"rendered":"FC Nantes : un autre ennemi jur\u00e9 pr\u00eat \u00e0 tourmenter les Canaris en plus du Stade Rennais ?"},"content":{"rendered":"<p><strong>Le FC Nantes pourrait bient\u00f4t partager l\u2019antenne de Ligue 1+ avec\u2026 les Girondins de Bordeaux, autre rival des Canaris en plus du Stade Rennais.<\/strong><\/p>\n<p>Alors que <a href=\"https:\/\/www.butfootballclub.fr\/1630216-fc-nantes-une-catastrophe-guette-les-canaris-letat-durgence-a-ete-declare\/\" rel=\"noreferrer noopener nofollow\" target=\"_blank\">les supporters du FC Nantes<\/a> sont d\u00e9j\u00e0 oppos\u00e9s chaque saison \u00e0 leurs rivaux historiques du Stade Rennais, un autre adversaire pourrait bient\u00f4t se rappeler au bon souvenir des Canaris\u2026 et de fa\u00e7on inattendue. <a href=\"https:\/\/www.butfootballclub.fr\/1629318-les-girondins-de-bordeaux-recadrent-sechement-eric-zemmour\/\" rel=\"noreferrer noopener nofollow\" target=\"_blank\">Les Girondins de Bordeaux, pensionnaires de National 2<\/a>, attirent d\u00e9sormais l\u2019attention bien au-del\u00e0 de leur rang actuel.<\/p>\n<p>Selon <a href=\"https:\/\/rmcsport.bfmtv.com\/droits-tv\/info-rmc-sport-ligue-1-souhaite-co-diffuser-les-matchs-des-girondins-de-bordeaux-en-national-2_AV-202511210559.html\" rel=\"noreferrer noopener nofollow\" target=\"_blank\">RMC Sport<\/a>, Ligue 1+, la plateforme de diffusion du football fran\u00e7ais, s\u2019int\u00e9resserait aux matchs \u00e0 domicile des Girondins. Derri\u00e8re cette man\u0153uvre se trouve Nicolas De Tavernost, l\u2019ancien pr\u00e9sident bordelais, qui viserait \u00e0 \u00e9largir l\u2019audience du club en co-diffusant les rencontres sur cette nouvelle cha\u00eene. L\u2019objectif ? Offrir aux Girondins une visibilit\u00e9 nationale, avec notamment l\u2019installation de quatre cam\u00e9ras pour retransmettre les matchs.<\/p>\n<p>Bordeaux pr\u00eat \u00e0 talonner le FC Nantes sur Ligue 1+ ?<\/p>\n<p>Si ce projet se concr\u00e9tise, les Bordelais pourraient devenir un \u00ab adversaire m\u00e9diatique \u00bb des Canaris, en s\u2019invitant sur les \u00e9crans de pr\u00e8s de 1,2 million d\u2019abonn\u00e9s. M\u00eame en National 2, Bordeaux conserve un socle de supporters tr\u00e8s actif, capable de transformer une simple rencontre en \u00e9v\u00e9nement suivi dans toute la France.<\/p>\n<p>Sur le terrain, les Girondins ne se laissent pas non plus distancer. Sous la houlette de Bruno Irl\u00e8s, le club pointe \u00e0 la troisi\u00e8me place de son groupe apr\u00e8s dix journ\u00e9es, \u00e0 seulement deux points du leader La Roche-sur-Yon. Le prochain d\u00e9fi ? La r\u00e9serve de Lorient, samedi \u00e0 17h, une rencontre qui pourrait donner le ton d\u2019une saison d\u00e9j\u00e0 sous haute tension pour les supporters girondins\u2026 et potentiellement pour les Canaris, qui auront d\u00e9sormais un autre \u00ab ennemi \u00bb \u00e0 surveiller de pr\u00e8s.<\/p>\n","protected":false},"excerpt":{"rendered":"Le FC Nantes pourrait bient\u00f4t partager l\u2019antenne de Ligue 1+ avec\u2026 les Girondins de Bordeaux, autre rival des&hellip;\n","protected":false},"author":2,"featured_media":549922,"comment_status":"","ping_status":"","sticky":false,"template":"","format":"standard","meta":{"footnotes":""},"categories":[2818],"tags":[1111,11,448,1777,674,63,1011,27,66,3388,766,12,2636,25,10662],"class_list":{"0":"post-549921","1":"post","2":"type-post","3":"status-publish","4":"format-standard","5":"has-post-thumbnail","7":"category-nantes","8":"tag-actu","9":"tag-actualites","10":"tag-champions-league","11":"tag-eu","12":"tag-europe","13":"tag-football","14":"tag-fr","15":"tag-france","16":"tag-ligue-1","17":"tag-matchs","18":"tag-nantes","19":"tag-news","20":"tag-pays-de-la-loire","21":"tag-republique-francaise","22":"tag-transferts"},"share_on_mastodon":{"url":"https:\/\/pubeurope.com\/@fr\/115589830721082775","error":""},"_links":{"self":[{"href":"https:\/\/www.europesays.com\/fr\/wp-json\/wp\/v2\/posts\/549921","targetHints":{"allow":["GET"]}}],"collection":[{"href":"https:\/\/www.europesays.com\/fr\/wp-json\/wp\/v2\/posts"}],"about":[{"href":"https:\/\/www.europesays.com\/fr\/wp-json\/wp\/v2\/types\/post"}],"author":[{"embeddable":true,"href":"https:\/\/www.europesays.com\/fr\/wp-json\/wp\/v2\/users\/2"}],"replies":[{"embeddable":true,"href":"https:\/\/www.europesays.com\/fr\/wp-json\/wp\/v2\/comments?post=549921"}],"version-history":[{"count":0,"href":"https:\/\/www.europesays.com\/fr\/wp-json\/wp\/v2\/posts\/549921\/revisions"}],"wp:featuredmedia":[{"embeddable":true,"href":"https:\/\/www.europesays.com\/fr\/wp-json\/wp\/v2\/media\/549922"}],"wp:attachment":[{"href":"https:\/\/www.europesays.com\/fr\/wp-json\/wp\/v2\/media?parent=549921"}],"wp:term":[{"taxonomy":"category","embeddable":true,"href":"https:\/\/www.europesays.com\/fr\/wp-json\/wp\/v2\/categories?post=549921"},{"taxonomy":"post_tag","embeddable":true,"href":"https:\/\/www.europesays.com\/fr\/wp-json\/wp\/v2\/tags?post=549921"}],"curies":[{"name":"wp","href":"https:\/\/api.w.org\/{rel}","templated":true}]}}