{"id":549931,"date":"2025-11-21T21:37:13","date_gmt":"2025-11-21T21:37:13","guid":{"rendered":"https:\/\/www.europesays.com\/fr\/549931\/"},"modified":"2025-11-21T21:37:13","modified_gmt":"2025-11-21T21:37:13","slug":"de-faux-policiers-ayant-vole-lequivalent-de-830-000-euros-arretes-pres-de-lille","status":"publish","type":"post","link":"https:\/\/www.europesays.com\/fr\/549931\/","title":{"rendered":"De faux policiers ayant vol\u00e9 l&rsquo;\u00e9quivalent de 830.000 euros arr\u00eat\u00e9s pr\u00e8s de Lille"},"content":{"rendered":"<p class=\"ap-StoryElement ap-StoryElement--mb ap-StoryText\">Des menottes, des armes factices, des gilets et des brassards de policiers ont \u00e9t\u00e9 retrouv\u00e9s dans un logement Airbnb lou\u00e9 par les quatre personnes.<\/p>\n<p class=\"ap-StoryElement ap-StoryElement--mb ap-StoryText\">Trois autres personnes ont \u00e9t\u00e9 interpell\u00e9es dans ce dossier, dont une conseill\u00e8re bancaire et son complice, ajoute le parquet de Lille.<\/p>\n<p class=\"ap-StoryElement ap-StoryElement--mb ap-StoryText\">Les vols ont \u00e9t\u00e9 commis dans la banlieue lilloise et \u00e0 Cambrai (Nord), mais aussi \u00e0 Toulon (Var) et \u00e0 Grandcamp-Maisy (Calvados).<\/p>\n<p class=\"ap-StoryElement ap-StoryElement--mb ap-StoryText\">Les sept mis en cause doivent \u00eatre pr\u00e9sent\u00e9s samedi \u00e0 un juge d&rsquo;instruction, \u00e0 l&rsquo;issue de leurs gardes \u00e0 vue.<\/p>\n","protected":false},"excerpt":{"rendered":"Des menottes, des armes factices, des gilets et des brassards de policiers ont \u00e9t\u00e9 retrouv\u00e9s dans un logement&hellip;\n","protected":false},"author":2,"featured_media":2837,"comment_status":"","ping_status":"","sticky":false,"template":"","format":"standard","meta":{"footnotes":""},"categories":[2815],"tags":[1111,11,1777,674,1011,27,811,1307,12,1072,25],"class_list":{"0":"post-549931","1":"post","2":"type-post","3":"status-publish","4":"format-standard","5":"has-post-thumbnail","7":"category-lille","8":"tag-actu","9":"tag-actualites","10":"tag-eu","11":"tag-europe","12":"tag-fr","13":"tag-france","14":"tag-hauts-de-france","15":"tag-lille","16":"tag-news","17":"tag-police","18":"tag-republique-francaise"},"share_on_mastodon":{"url":"https:\/\/pubeurope.com\/@fr\/115589850480797344","error":""},"_links":{"self":[{"href":"https:\/\/www.europesays.com\/fr\/wp-json\/wp\/v2\/posts\/549931","targetHints":{"allow":["GET"]}}],"collection":[{"href":"https:\/\/www.europesays.com\/fr\/wp-json\/wp\/v2\/posts"}],"about":[{"href":"https:\/\/www.europesays.com\/fr\/wp-json\/wp\/v2\/types\/post"}],"author":[{"embeddable":true,"href":"https:\/\/www.europesays.com\/fr\/wp-json\/wp\/v2\/users\/2"}],"replies":[{"embeddable":true,"href":"https:\/\/www.europesays.com\/fr\/wp-json\/wp\/v2\/comments?post=549931"}],"version-history":[{"count":0,"href":"https:\/\/www.europesays.com\/fr\/wp-json\/wp\/v2\/posts\/549931\/revisions"}],"wp:featuredmedia":[{"embeddable":true,"href":"https:\/\/www.europesays.com\/fr\/wp-json\/wp\/v2\/media\/2837"}],"wp:attachment":[{"href":"https:\/\/www.europesays.com\/fr\/wp-json\/wp\/v2\/media?parent=549931"}],"wp:term":[{"taxonomy":"category","embeddable":true,"href":"https:\/\/www.europesays.com\/fr\/wp-json\/wp\/v2\/categories?post=549931"},{"taxonomy":"post_tag","embeddable":true,"href":"https:\/\/www.europesays.com\/fr\/wp-json\/wp\/v2\/tags?post=549931"}],"curies":[{"name":"wp","href":"https:\/\/api.w.org\/{rel}","templated":true}]}}