{"id":549945,"date":"2025-11-21T21:47:23","date_gmt":"2025-11-21T21:47:23","guid":{"rendered":"https:\/\/www.europesays.com\/fr\/549945\/"},"modified":"2025-11-21T21:47:23","modified_gmt":"2025-11-21T21:47:23","slug":"un-eleve-interpelle-pour-avoir-menace-de-commettre-une-tuerie-de-masse-dans-un-lycee-parisien","status":"publish","type":"post","link":"https:\/\/www.europesays.com\/fr\/549945\/","title":{"rendered":"Un \u00e9l\u00e8ve interpell\u00e9 pour avoir menac\u00e9 de commettre une tuerie de masse dans un lyc\u00e9e parisien"},"content":{"rendered":"<p>Un \u00e9l\u00e8ve du lyc\u00e9e Fran\u00e7ois-Villon, dans le XIVe arrondissement de Paris, a \u00e9t\u00e9 interpell\u00e9 et plac\u00e9 en garde \u00e0 vue ce jeudi 20 novembre. Il aurait menac\u00e9 la veille de commettre une fusillade de masse dans cet \u00e9tablissement.<\/p>\n<p>Un \u00e9l\u00e8ve de 17 ans du lyc\u00e9e Fran\u00e7ois-Villon, dans le XIVe arrondissement de Paris, a \u00e9t\u00e9 interpell\u00e9 et plac\u00e9 en garde \u00e0 vue ce jeudi 20 novembre pour avoir menac\u00e9 de commettre <a href=\"https:\/\/www.bfmtv.com\/cote-d-azur\/attaque-au-couteau-dans-un-lycee-d-antibes-le-suspect-interpelle-un-an-plus-tot-pour-un-projet-de-tuerie-de-masse_AN-202509100777.html\" title=\"Attaque au couteau dans un lyc\u00e9e d&#039;Antibes: le suspect interpell\u00e9 un an plus t\u00f4t pour un projet de tuerie de masse\" class=\"internal_link\" rel=\"nofollow noopener\" target=\"_blank\">une tuerie de masse<\/a> dans l&rsquo;\u00e9tablissement, a appris BFMTV aupr\u00e8s du rectorat de Paris, confirmant <a href=\"https:\/\/www.leparisien.fr\/faits-divers\/paris-un-lyceen-interpelle-pour-avoir-profere-des-menaces-de-tuerie-de-masse-dans-son-etablissement-21-11-2025-KQLHBKWKXFB3PMTP7KU5LELLAQ.php\" target=\"_blank\" class=\"external_link\" rel=\"nofollow noopener\">une information du Parisien<\/a>.<\/p>\n<p>Mercredi, \u00e0 la sortie des cours, cet \u00e9l\u00e8ve mineur aurait manifest\u00e9 son int\u00e9r\u00eat pour les fusillades de masse dans les \u00e9tablissements scolaires et indiqu\u00e9 \u00e0 des \u00e9l\u00e8ves qu&rsquo;il ne viendrait pas en cours le lendemain, car une telle tuerie aurait lieu \u00e0 13h15.<\/p>\n<p>Des propos homophobes et racistes\u00a0<\/p>\n<p>Deux \u00e9l\u00e8ves, effray\u00e9s par ces propos, ont alors alert\u00e9 la proviseure du lyc\u00e9e. Celle-ci a ensuite contact\u00e9 le commissariat et l&rsquo;\u00e9l\u00e8ve a \u00e9t\u00e9 interpell\u00e9 et plac\u00e9 en garde \u00e0 vue. Par mesure conservatoire, le lyc\u00e9en ne peut plus retourner en cours pour l&rsquo;instant. Ses parents vont \u00e9galement \u00eatre re\u00e7us lundi par la cheffe d&rsquo;\u00e9tablissement.<\/p>\n<p>Scolaris\u00e9 dans le lyc\u00e9e au sein d&rsquo;une structure sp\u00e9cifique d\u00e9di\u00e9e \u00e0 une douzaine d&rsquo;\u00e9l\u00e8ves souffrant de troubles psychiques, l&rsquo;\u00e9l\u00e8ve interpell\u00e9 s&rsquo;\u00e9tait d\u00e9j\u00e0 fait remarquer pour des propos homophobes et racistes. Il recevait \u00e9galement via le r\u00e9seau Discord des vid\u00e9os violentes d&rsquo;\u00e9x\u00e9cutions ou en rapport avec la guerre en Ukraine.<\/p>\n<p>L&rsquo;un de ses camarades, \u00e0 qui il aurait notamment fait visionner des vid\u00e9os d&rsquo;ex\u00e9cution, a \u00e9t\u00e9 pris en charge psychologiquement, tout comme l&rsquo;ensemble des \u00e9l\u00e8ves de sa classe.<\/p>\n<p>V\u00e9ronique F\u00e8vre avec Vincent Gautier<\/p>\n","protected":false},"excerpt":{"rendered":"Un \u00e9l\u00e8ve du lyc\u00e9e Fran\u00e7ois-Villon, dans le XIVe arrondissement de Paris, a \u00e9t\u00e9 interpell\u00e9 et plac\u00e9 en garde&hellip;\n","protected":false},"author":2,"featured_media":549946,"comment_status":"","ping_status":"","sticky":false,"template":"","format":"standard","meta":{"footnotes":""},"categories":[1888],"tags":[1111,1928,11,1927,1777,674,1011,27,12,1926,626,1925,25],"class_list":{"0":"post-549945","1":"post","2":"type-post","3":"status-publish","4":"format-standard","5":"has-post-thumbnail","7":"category-paris","8":"tag-actu","9":"tag-actu-paris","10":"tag-actualites","11":"tag-actualites-paris","12":"tag-eu","13":"tag-europe","14":"tag-fr","15":"tag-france","16":"tag-news","17":"tag-news-paris","18":"tag-paris","19":"tag-paris-news","20":"tag-republique-francaise"},"share_on_mastodon":{"url":"https:\/\/pubeurope.com\/@fr\/115589889963687577","error":""},"_links":{"self":[{"href":"https:\/\/www.europesays.com\/fr\/wp-json\/wp\/v2\/posts\/549945","targetHints":{"allow":["GET"]}}],"collection":[{"href":"https:\/\/www.europesays.com\/fr\/wp-json\/wp\/v2\/posts"}],"about":[{"href":"https:\/\/www.europesays.com\/fr\/wp-json\/wp\/v2\/types\/post"}],"author":[{"embeddable":true,"href":"https:\/\/www.europesays.com\/fr\/wp-json\/wp\/v2\/users\/2"}],"replies":[{"embeddable":true,"href":"https:\/\/www.europesays.com\/fr\/wp-json\/wp\/v2\/comments?post=549945"}],"version-history":[{"count":0,"href":"https:\/\/www.europesays.com\/fr\/wp-json\/wp\/v2\/posts\/549945\/revisions"}],"wp:featuredmedia":[{"embeddable":true,"href":"https:\/\/www.europesays.com\/fr\/wp-json\/wp\/v2\/media\/549946"}],"wp:attachment":[{"href":"https:\/\/www.europesays.com\/fr\/wp-json\/wp\/v2\/media?parent=549945"}],"wp:term":[{"taxonomy":"category","embeddable":true,"href":"https:\/\/www.europesays.com\/fr\/wp-json\/wp\/v2\/categories?post=549945"},{"taxonomy":"post_tag","embeddable":true,"href":"https:\/\/www.europesays.com\/fr\/wp-json\/wp\/v2\/tags?post=549945"}],"curies":[{"name":"wp","href":"https:\/\/api.w.org\/{rel}","templated":true}]}}