{"id":549955,"date":"2025-11-21T21:52:13","date_gmt":"2025-11-21T21:52:13","guid":{"rendered":"https:\/\/www.europesays.com\/fr\/549955\/"},"modified":"2025-11-21T21:52:13","modified_gmt":"2025-11-21T21:52:13","slug":"trump-affirme-quil-sentretiendra-bientot-avec-le-president-maduro","status":"publish","type":"post","link":"https:\/\/www.europesays.com\/fr\/549955\/","title":{"rendered":"Trump affirme qu\u2019il s\u2019entretiendra \u00ab bient\u00f4t \u00bb avec le pr\u00e9sident Maduro"},"content":{"rendered":"<p>AA \/ Washington \/ Michael Hernandez<\/p>\n<p>Le pr\u00e9sident am\u00e9ricain Donald Trump a d\u00e9clar\u00e9 vendredi qu\u2019il s\u2019entretiendrait prochainement avec son homologue v\u00e9n\u00e9zu\u00e9lien, Nicolas Maduro, alors que circulent des sp\u00e9culations sur une possible op\u00e9ration militaire am\u00e9ricaine contre le pays sud-am\u00e9ricain.<\/p>\n<p>Dans une interview accord\u00e9e \u00e0 Fox Radio, Trump a indiqu\u00e9 : \u00ab Je lui parlerai dans un futur pas trop lointain \u00bb.<\/p>\n<p>Toutefois, il a refus\u00e9 de d\u00e9voiler le contenu de cet \u00e9change. \u00ab Je ne fais jamais cela \u00bb, a-t-il dit, ajoutant : \u00ab Je ne peux pas vous dire ce que je vais lui dire, mais j\u2019ai quelque chose de tr\u00e8s pr\u00e9cis \u00e0 lui annoncer. \u00bb <\/p>\n<p>Il a, dans la foul\u00e9e, rappel\u00e9 une s\u00e9rie de griefs qu\u2019il adresse r\u00e9guli\u00e8rement \u00e0 Maduro, notamment des accusations de trafic de drogue.<\/p>\n<p>De son c\u00f4t\u00e9, Maduro a averti lundi que toute intervention militaire am\u00e9ricaine au Venezuela serait \u00ab la fin politique \u00bb de Donald Trump. <\/p>\n<p>Selon lui, l\u2019entourage du pr\u00e9sident am\u00e9ricain \u00ab provoque \u00bb une action arm\u00e9e qui, dit-il, pousserait Trump \u00ab au bord du pr\u00e9cipice \u00bb.<\/p>\n<p>Le dirigeant v\u00e9n\u00e9zu\u00e9lien a affirm\u00e9 qu\u2019\u00ab un effort de secteurs puissants aux \u00c9tats-Unis \u00bb viserait \u00e0 \u00ab d\u00e9truire Trump \u00bb en utilisant le Venezuela.<\/p>\n<p>\u00ab Ils veulent que le pr\u00e9sident Trump commette la plus grave erreur de sa vie et s\u2019engage militairement contre le Venezuela, ce qui signerait la fin politique de son leadership et de son nom. Il est sous pression et sous provocation \u00bb, a-t-il insist\u00e9.<\/p>\n<p>Selon Maduro, cette \u00ab provocation \u00bb \u00e9manerait non seulement de ses \u00ab adversaires et ennemis connus \u00bb, mais aussi de personnes \u00ab dans son propre entourage \u00bb qui feraient leurs calculs sur \u00ab l\u2019\u00e8re post-Trump \u00bb, sans se soucier de lui nuire.<\/p>\n<p>Le pr\u00e9sident v\u00e9n\u00e9zu\u00e9lien a \u00e9galement assur\u00e9 que Caracas restait pr\u00eat \u00e0 un dialogue \u00ab en face-\u00e0-face \u00bb avec Washington, r\u00e9affirmant que la diplomatie et la recherche de \u00ab points communs \u00bb demeuraient la position \u00ab invariable \u00bb de son gouvernement.<\/p>\n<p>Les tensions entre Washington et Caracas se sont intensifi\u00e9es depuis qu\u2019en ao\u00fbt Trump a ordonn\u00e9 un d\u00e9ploiement militaire dans les Cara\u00efbes, officiellement pour lutter contre les cartels et stopper les routes du trafic de drogue li\u00e9es, selon lui, \u00e0 Maduro.<\/p>\n<p>Caracas estime pour sa part que l\u2019objectif r\u00e9el est un changement de r\u00e9gime. Depuis cette d\u00e9cision, l\u2019arm\u00e9e am\u00e9ricaine a men\u00e9 21 frappes contre des navires qu\u2019elle accusait de transporter de la drogue, faisant 83 morts, et Trump a laiss\u00e9 entendre qu\u2019il pourrait frapper des \u00ab cibles de trafic \u00bb directement sur le territoire v\u00e9n\u00e9zu\u00e9lien.<\/p>\n<p>* Traduit de l&rsquo;anglais par Adama Bamba<\/p>\n<p>                            &#13;<br \/>\n                                <a href=\"https:\/\/www.aa.com.tr\/fr\/p\/abonnement\/1001\" target=\"_blank\" style=\"font-size:12px; color:#444; text-decoration:none;\" rel=\"noopener\">&#13;<br \/>\n                                    Seulement une partie des d\u00e9p\u00eaches, que l&rsquo;Agence Anadolu diffuse \u00e0 ses abonn\u00e9s via le Syst\u00e8me de Diffusion interne (HAS), est diffus\u00e9e sur le site de l&rsquo;AA, de mani\u00e8re r\u00e9sum\u00e9e. <b style=\"color:#1897F7\">Contactez-nous s&rsquo;il vous pla\u00eet pour vous abonner.<\/b>&#13;<br \/>\n                                <\/a>&#13;<\/p>\n","protected":false},"excerpt":{"rendered":"AA \/ Washington \/ Michael Hernandez Le pr\u00e9sident am\u00e9ricain Donald Trump a d\u00e9clar\u00e9 vendredi qu\u2019il s\u2019entretiendrait prochainement avec&hellip;\n","protected":false},"author":2,"featured_media":549956,"comment_status":"","ping_status":"","sticky":false,"template":"","format":"standard","meta":{"footnotes":""},"categories":[1589],"tags":[4295,11,1785,75,73,1866,66752,66753,12,1864,1865,1863,308],"class_list":{"0":"post-549955","1":"post","2":"type-post","3":"status-publish","4":"format-standard","5":"has-post-thumbnail","7":"category-etats-unis","8":"tag-tats-unis","9":"tag-actualites","10":"tag-anadolu-ajansi","11":"tag-donald-trump","12":"tag-etats-unis","13":"tag-etats-unis-damerique","14":"tag-le-prsident-vnzulien-nicolas-maduro","15":"tag-le-venezuela","16":"tag-news","17":"tag-united-states","18":"tag-united-states-of-america","19":"tag-us","20":"tag-usa"},"share_on_mastodon":{"url":"https:\/\/pubeurope.com\/@fr\/115589909368725042","error":""},"_links":{"self":[{"href":"https:\/\/www.europesays.com\/fr\/wp-json\/wp\/v2\/posts\/549955","targetHints":{"allow":["GET"]}}],"collection":[{"href":"https:\/\/www.europesays.com\/fr\/wp-json\/wp\/v2\/posts"}],"about":[{"href":"https:\/\/www.europesays.com\/fr\/wp-json\/wp\/v2\/types\/post"}],"author":[{"embeddable":true,"href":"https:\/\/www.europesays.com\/fr\/wp-json\/wp\/v2\/users\/2"}],"replies":[{"embeddable":true,"href":"https:\/\/www.europesays.com\/fr\/wp-json\/wp\/v2\/comments?post=549955"}],"version-history":[{"count":0,"href":"https:\/\/www.europesays.com\/fr\/wp-json\/wp\/v2\/posts\/549955\/revisions"}],"wp:featuredmedia":[{"embeddable":true,"href":"https:\/\/www.europesays.com\/fr\/wp-json\/wp\/v2\/media\/549956"}],"wp:attachment":[{"href":"https:\/\/www.europesays.com\/fr\/wp-json\/wp\/v2\/media?parent=549955"}],"wp:term":[{"taxonomy":"category","embeddable":true,"href":"https:\/\/www.europesays.com\/fr\/wp-json\/wp\/v2\/categories?post=549955"},{"taxonomy":"post_tag","embeddable":true,"href":"https:\/\/www.europesays.com\/fr\/wp-json\/wp\/v2\/tags?post=549955"}],"curies":[{"name":"wp","href":"https:\/\/api.w.org\/{rel}","templated":true}]}}