{"id":549959,"date":"2025-11-21T21:54:16","date_gmt":"2025-11-21T21:54:16","guid":{"rendered":"https:\/\/www.europesays.com\/fr\/549959\/"},"modified":"2025-11-21T21:54:16","modified_gmt":"2025-11-21T21:54:16","slug":"une-fillette-meurt-percutee-par-un-bus-alors-quelle-rentrait-de-lecole-en-allemagne","status":"publish","type":"post","link":"https:\/\/www.europesays.com\/fr\/549959\/","title":{"rendered":"Une fillette meurt percut\u00e9e par un bus alors qu&rsquo;elle rentrait de l&rsquo;\u00e9cole en Allemagne"},"content":{"rendered":"<p class=\"article__intro\">Une enfant a \u00e9t\u00e9 mortellement percut\u00e9e par un bus alors qu&rsquo;elle rentrait de l&rsquo;\u00e9cole, vendredi 21 novembre, dans la commune d&rsquo;Ottersweier, en Allemagne, \u00e0 quelques kilom\u00e8tres de la fronti\u00e8re.<\/p>\n<p>\n      La Quotidienne Soci\u00e9t\u00e9\n    <\/p>\n<p>\n      De la vie quotidienne aux grands enjeux, recevez tous les jours les sujets qui font la soci\u00e9t\u00e9 locale, comme la justice, l\u2019\u00e9ducation, la sant\u00e9 et la famille.\n    <\/p>\n<p>    France T\u00e9l\u00e9visions utilise votre adresse e-mail afin de vous envoyer la newsletter \u00ab\u00a0La Quotidienne Soci\u00e9t\u00e9\u00a0\u00bb. Vous pouvez vous d\u00e9sinscrire \u00e0 tout moment via le lien en bas de cette newsletter. <a target=\"_blank\" href=\"https:\/\/www.francetelevisions.fr\/groupe\/confidentialite\/politique-de-confidentialite\/politique-de-confidentialite-de-france-televisions-6503\" rel=\"nofollow noopener\">Notre politique de confidentialit\u00e9<\/a><\/p>\n<p>Un accident mortel est survenu en d\u00e9but d&rsquo;apr\u00e8s-midi, vers 13h15, vendredi 21 novembre 2025, \u00e0 Ottersweier (Allemagne), une commune situ\u00e9e \u00e0 35 km \u00e0 l&rsquo;est de Strasbourg (Bas-Rhin).<\/p>\n<p>Selon la police d&rsquo;Offenburg, une fillette a \u00e9t\u00e9 percut\u00e9e et \u00e9cras\u00e9e par un bus \u00e0 hauteur d&rsquo;un rond-point de la commune de 6000 habitants, alors qu&rsquo;elle rentrait de l&rsquo;\u00e9cole.<\/p>\n<p>\u00ab\u00a0Les secours sont arriv\u00e9s trop tard, pr\u00e9cise le communiqu\u00e9 de la police. Les services d&rsquo;urgence, notamment les ambulanciers, les pompiers, l&rsquo;\u00e9quipe d&rsquo;intervention en cas de crise et la police, [se sont rendus] sur place,\u00a0\u00bb tandis que le p\u00e9rim\u00e8tre \u00e9tait boucl\u00e9.<\/p>\n<\/p>\n<p>Un expert devra d\u00e9terminer le d\u00e9roulement des faits, en concertation avec le parquet de Baden-Baden. La police poursuit son enqu\u00eate afin de d\u00e9terminer si le bus transportait des passagers au moment de l&rsquo;accident.<\/p>\n","protected":false},"excerpt":{"rendered":"Une enfant a \u00e9t\u00e9 mortellement percut\u00e9e par un bus alors qu&rsquo;elle rentrait de l&rsquo;\u00e9cole, vendredi 21 novembre, dans&hellip;\n","protected":false},"author":2,"featured_media":549960,"comment_status":"","ping_status":"","sticky":false,"template":"","format":"standard","meta":{"footnotes":""},"categories":[1587],"tags":[11,672,1804,1805,1803,1777,674,1801,12,1802],"class_list":{"0":"post-549959","1":"post","2":"type-post","3":"status-publish","4":"format-standard","5":"has-post-thumbnail","7":"category-allemagne","8":"tag-actualites","9":"tag-allemagne","10":"tag-bundesrepublik-deutschland","11":"tag-de","12":"tag-deutschland","13":"tag-eu","14":"tag-europe","15":"tag-germany","16":"tag-news","17":"tag-republique-federale-dallemagne"},"share_on_mastodon":{"url":"https:\/\/pubeurope.com\/@fr\/115589917338493054","error":""},"_links":{"self":[{"href":"https:\/\/www.europesays.com\/fr\/wp-json\/wp\/v2\/posts\/549959","targetHints":{"allow":["GET"]}}],"collection":[{"href":"https:\/\/www.europesays.com\/fr\/wp-json\/wp\/v2\/posts"}],"about":[{"href":"https:\/\/www.europesays.com\/fr\/wp-json\/wp\/v2\/types\/post"}],"author":[{"embeddable":true,"href":"https:\/\/www.europesays.com\/fr\/wp-json\/wp\/v2\/users\/2"}],"replies":[{"embeddable":true,"href":"https:\/\/www.europesays.com\/fr\/wp-json\/wp\/v2\/comments?post=549959"}],"version-history":[{"count":0,"href":"https:\/\/www.europesays.com\/fr\/wp-json\/wp\/v2\/posts\/549959\/revisions"}],"wp:featuredmedia":[{"embeddable":true,"href":"https:\/\/www.europesays.com\/fr\/wp-json\/wp\/v2\/media\/549960"}],"wp:attachment":[{"href":"https:\/\/www.europesays.com\/fr\/wp-json\/wp\/v2\/media?parent=549959"}],"wp:term":[{"taxonomy":"category","embeddable":true,"href":"https:\/\/www.europesays.com\/fr\/wp-json\/wp\/v2\/categories?post=549959"},{"taxonomy":"post_tag","embeddable":true,"href":"https:\/\/www.europesays.com\/fr\/wp-json\/wp\/v2\/tags?post=549959"}],"curies":[{"name":"wp","href":"https:\/\/api.w.org\/{rel}","templated":true}]}}