{"id":549961,"date":"2025-11-21T21:55:23","date_gmt":"2025-11-21T21:55:23","guid":{"rendered":"https:\/\/www.europesays.com\/fr\/549961\/"},"modified":"2025-11-21T21:55:23","modified_gmt":"2025-11-21T21:55:23","slug":"epervier-deurope-la-terreur-des-mangeoires","status":"publish","type":"post","link":"https:\/\/www.europesays.com\/fr\/549961\/","title":{"rendered":"Epervier d\u2019Europe : la terreur des mangeoires"},"content":{"rendered":"<p>Animaux. A la mauvaise saison, bien des jardiniers offrent des graines de tournesol ou de la graisse aux passereaux hivernant sous nos latitudes : m\u00e9sanges, verdiers, chardonnerets, pinsons. Or, un petit rapace, l\u2019\u00e9pervier d\u2019Europe (Accipiter nisus) en profite pour attaquer les mangeoires.<\/p>\n<p>L\u2019\u00e9pervier d\u2019Europe, qui s\u00e8me la panique dans nos jardins, conna\u00eet un dimorphisme sexuel notable. Le m\u00e2le (30 cm de long et 60 cm d\u2019envergure), plus petit que la femelle (40 cm de long et 80 cm d\u2019envergure), se distingue d\u2019elle par des colorations rouss\u00e2tres qui agr\u00e9mentent sa livr\u00e9e dorsale gris-ardoise, et son ventre blanch\u00e2tre stri\u00e9 de brun. La femelle est plus terne. D\u00e8s l\u2019automne il se fait bien plus discret qu\u2019en p\u00e9riode de nidification : l\u2019\u00e9pervier d\u2019Europe devient m\u00eame silencieux. <\/p>\n<p>L\u2019\u00e9pervier se nourrit surtout d\u2019oiseaux<\/p>\n<p>Si les habitats bois\u00e9s obtiennent toujours sa pr\u00e9f\u00e9rence, ce petit rapace diurne tend \u00e0 se rapprocher des villages et de la p\u00e9riph\u00e9rie des villes. Il se tient \u00e0 l\u2019aff\u00fbt en lisi\u00e8re de for\u00eat ; perch\u00e9 sur des talus bois\u00e9s, il d\u00e9tecte ses proies gr\u00e2ce \u00e0 une vision binoculaire importante qui lui permet un rep\u00e9rage efficace. Il guette avec patience les mangeoires des jardins afin d\u2019y capturer des m\u00e9sanges bleues. Depuis des haies ou des buissons, il s\u2019\u00e9lance par des battements d\u2019ailes rapides, frapp\u00e9s et saccad\u00e9s, alternant avec des plan\u00e9s directs qui lui assurent l\u2019effet de surprise. Par un vol bas, il m\u00e8ne une attaque foudroyante sur les petits passereaux qui se restaurent au sol, dans des espaces ouverts. Ces oiseaux se dispersent alors en piaillant pour donner l\u2019alerte. Si l\u2019embuscade s\u2019av\u00e8re improductive, l\u2019\u00e9pervier poursuit sa proie avec obstination jusque dans les broussailles ! Cette esp\u00e8ce se nourrit essentiellement de petits oiseaux\u2009: moineaux domestiques ou friquets, m\u00e9sanges, fauvettes, pinsons, pipits, hirondelles, alouettes, merles et \u00e9tourneaux. Plus massive que le m\u00e2le, la femelle peut capturer des pigeons, grives, ou jeunes gallinac\u00e9s (poules, faisans, perdrix). La diff\u00e9rence des prises, entre m\u00e2le et femelle, permet au couple de stationner sur un espace plus restreint par une concurrence alimentaire moindre. Quant aux souris et musaraignes, elles ne constituent qu\u2019une nourriture d\u2019appoint en hiver. L\u2019\u00e9pervier d\u2019Europe est assez commun en France, surtout \u00e0 la mauvaise saison, dans la mesure o\u00f9 des populations scandinaves se r\u00e9fugient dans nos contr\u00e9es. Du fait de la destruction de son habitat et de la baisse de la biodiversit\u00e9 qui r\u00e9duit le nombre de ses proies, l\u2019\u00e9pervier d\u2019Europe est class\u00e9 en \u00e9tat de pr\u00e9occupation mineure par l\u2019Union internationale pour la conservation de la nature (UICN).<\/p>\n<p><strong>De notre correspondant<\/strong><\/p>\n<p><a href=\"https:\/\/jhm.fr\/epervier-deurope-la-terreur-des-mangeoires\/mailto:Patrick Quercy\" rel=\"nofollow noopener\" target=\"_blank\">Patrick Quercy<\/a><\/p>\n","protected":false},"excerpt":{"rendered":"Animaux. A la mauvaise saison, bien des jardiniers offrent des graines de tournesol ou de la graisse aux&hellip;\n","protected":false},"author":2,"featured_media":549962,"comment_status":"","ping_status":"","sticky":false,"template":"","format":"standard","meta":{"footnotes":""},"categories":[1586],"tags":[11,1777,674,1011,27,12,25],"class_list":{"0":"post-549961","1":"post","2":"type-post","3":"status-publish","4":"format-standard","5":"has-post-thumbnail","7":"category-europe","8":"tag-actualites","9":"tag-eu","10":"tag-europe","11":"tag-fr","12":"tag-france","13":"tag-news","14":"tag-republique-francaise"},"share_on_mastodon":{"url":"https:\/\/pubeurope.com\/@fr\/115589921193540599","error":""},"_links":{"self":[{"href":"https:\/\/www.europesays.com\/fr\/wp-json\/wp\/v2\/posts\/549961","targetHints":{"allow":["GET"]}}],"collection":[{"href":"https:\/\/www.europesays.com\/fr\/wp-json\/wp\/v2\/posts"}],"about":[{"href":"https:\/\/www.europesays.com\/fr\/wp-json\/wp\/v2\/types\/post"}],"author":[{"embeddable":true,"href":"https:\/\/www.europesays.com\/fr\/wp-json\/wp\/v2\/users\/2"}],"replies":[{"embeddable":true,"href":"https:\/\/www.europesays.com\/fr\/wp-json\/wp\/v2\/comments?post=549961"}],"version-history":[{"count":0,"href":"https:\/\/www.europesays.com\/fr\/wp-json\/wp\/v2\/posts\/549961\/revisions"}],"wp:featuredmedia":[{"embeddable":true,"href":"https:\/\/www.europesays.com\/fr\/wp-json\/wp\/v2\/media\/549962"}],"wp:attachment":[{"href":"https:\/\/www.europesays.com\/fr\/wp-json\/wp\/v2\/media?parent=549961"}],"wp:term":[{"taxonomy":"category","embeddable":true,"href":"https:\/\/www.europesays.com\/fr\/wp-json\/wp\/v2\/categories?post=549961"},{"taxonomy":"post_tag","embeddable":true,"href":"https:\/\/www.europesays.com\/fr\/wp-json\/wp\/v2\/tags?post=549961"}],"curies":[{"name":"wp","href":"https:\/\/api.w.org\/{rel}","templated":true}]}}