{"id":549963,"date":"2025-11-21T21:56:15","date_gmt":"2025-11-21T21:56:15","guid":{"rendered":"https:\/\/www.europesays.com\/fr\/549963\/"},"modified":"2025-11-21T21:56:15","modified_gmt":"2025-11-21T21:56:15","slug":"le-poitiers-basket-simpose-face-a-aix-maurienne-et-enchaine-un-quatrieme-succes","status":"publish","type":"post","link":"https:\/\/www.europesays.com\/fr\/549963\/","title":{"rendered":"le Poitiers Basket s\u2019impose face \u00e0 Aix-Maurienne et encha\u00eene un quatri\u00e8me succ\u00e8s"},"content":{"rendered":"<p><strong>Poitiers\u00a0&#8211; Aix-Maurienne\u00a0: 89-77<\/strong><\/p>\n<p>Restant sur une s\u00e9rie de trois victoires et ayant remport\u00e9 six de ses huit derniers matchs, le Poitiers Basket 86 voulait poursuivre cette belle dynamique ce vendredi 21\u00a0novembre 2025 \u00e0 l\u2019occasion de la venue d\u2019Aix-Maurienne pour le compte de la 12e\u00a0journ\u00e9e d\u2019\u00c9lite 2.<\/p>\n<p>Dans une salle Jean-Pierre-Garnier \u00e0 guichets ferm\u00e9s pour la premi\u00e8re fois de la saison, les partenaires de K\u00e9vin Harley manquaient leur entame de match face \u00e0 des visiteurs tr\u00e8s agressifs en d\u00e9fense et adroits (15-31, 9e\u00a0puis 19-31, 40e).<\/p>\n<p>Retrouvant de la pr\u00e9cision \u00e0 trois points et de la duret\u00e9 d\u00e9fensive, les Poitevins entraient enfin dans la rencontre dans le deuxi\u00e8me quart temps et prenaient l\u2019avantage gr\u00e2ce notamment \u00e0 Eyango et Ramljak (40-38, 17e). Les d\u00e9bats s\u2019\u00e9quilibraient, comme le score \u00e0 la pause (46-46, 20e).<\/p>\n<p>Au retour des vestiaires, Poitiers maintenait la pression (55-47, 23e\u00a0puis 59-51, 26e). Mais les Savoyards restaient au contact \u00e0 l\u2019amorce du dernier quart temps (65-62, 30e).<\/p>\n<p>Tout restait donc \u00e0 faire. Le PB s\u2019appuyait alors sur un Yvan Ramljak des grands soirs (21 points, 8 rebonds, 7 passes d\u00e9cisives) pour creuser l\u2019\u00e9cart et sur Aur\u00e8le Brena-Chemille, de retour aux affaires, pour prendre un peu d\u2019air (77-68, 36e). Les Poitevins tenaient leur victoire, la quatri\u00e8me de rang et la septi\u00e8me lors des neuf derniers matchs (89-77, 40e). Saint-Eloi pouvait exulter. <\/p>\n<p>Les hommes d\u2019Andy Thornton-Jones vont d\u00e9sormais profiter de la tr\u00eave internationale pour couper, hormis <a target=\"_self\" href=\"https:\/\/www.lanouvellerepublique.fr\/poitiers\/elite-2-une-sorte-de-reconnaissance-pour-le-joueur-de-poitiers-narcisse-ngoy-appele-en-equipe-de-france-comme-partenaire-d-entrainement-1761389315\" rel=\"noopener\">Narcisse Ngoy retenu en \u00e9quipe de France comme partenaire d\u2019entra\u00eenement<\/a>. Le prochain match est programm\u00e9 le dimanche 7\u00a0d\u00e9cembre 2025, \u00e0 Blois, dans la salle d\u2019une \u00e9quipe du haut de tableau.<\/p>\n<p>\u00a0<\/p>\n","protected":false},"excerpt":{"rendered":"Poitiers\u00a0&#8211; Aix-Maurienne\u00a0: 89-77 Restant sur une s\u00e9rie de trois victoires et ayant remport\u00e9 six de ses huit derniers&hellip;\n","protected":false},"author":2,"featured_media":549964,"comment_status":"","ping_status":"","sticky":false,"template":"","format":"standard","meta":{"footnotes":""},"categories":[1586],"tags":[1392,11,1465,7944,1777,674,1779,1011,27,12,1653,13224,25,60,1778,364,1584],"class_list":{"0":"post-549963","1":"post","2":"type-post","3":"status-publish","4":"format-standard","5":"has-post-thumbnail","7":"category-europe","8":"tag-a-la-une-local","9":"tag-actualites","10":"tag-basket","11":"tag-elite-2","12":"tag-eu","13":"tag-europe","14":"tag-european-union","15":"tag-fr","16":"tag-france","17":"tag-news","18":"tag-poitiers","19":"tag-poitiers-basket-86","20":"tag-republique-francaise","21":"tag-sports","22":"tag-ue","23":"tag-union-europeenne","24":"tag-vienne"},"share_on_mastodon":{"url":"https:\/\/pubeurope.com\/@fr\/115589925121291861","error":""},"_links":{"self":[{"href":"https:\/\/www.europesays.com\/fr\/wp-json\/wp\/v2\/posts\/549963","targetHints":{"allow":["GET"]}}],"collection":[{"href":"https:\/\/www.europesays.com\/fr\/wp-json\/wp\/v2\/posts"}],"about":[{"href":"https:\/\/www.europesays.com\/fr\/wp-json\/wp\/v2\/types\/post"}],"author":[{"embeddable":true,"href":"https:\/\/www.europesays.com\/fr\/wp-json\/wp\/v2\/users\/2"}],"replies":[{"embeddable":true,"href":"https:\/\/www.europesays.com\/fr\/wp-json\/wp\/v2\/comments?post=549963"}],"version-history":[{"count":0,"href":"https:\/\/www.europesays.com\/fr\/wp-json\/wp\/v2\/posts\/549963\/revisions"}],"wp:featuredmedia":[{"embeddable":true,"href":"https:\/\/www.europesays.com\/fr\/wp-json\/wp\/v2\/media\/549964"}],"wp:attachment":[{"href":"https:\/\/www.europesays.com\/fr\/wp-json\/wp\/v2\/media?parent=549963"}],"wp:term":[{"taxonomy":"category","embeddable":true,"href":"https:\/\/www.europesays.com\/fr\/wp-json\/wp\/v2\/categories?post=549963"},{"taxonomy":"post_tag","embeddable":true,"href":"https:\/\/www.europesays.com\/fr\/wp-json\/wp\/v2\/tags?post=549963"}],"curies":[{"name":"wp","href":"https:\/\/api.w.org\/{rel}","templated":true}]}}