{"id":549969,"date":"2025-11-21T21:59:13","date_gmt":"2025-11-21T21:59:13","guid":{"rendered":"https:\/\/www.europesays.com\/fr\/549969\/"},"modified":"2025-11-21T21:59:13","modified_gmt":"2025-11-21T21:59:13","slug":"offensive-djihadiste-au-mali-la-france-rapatrie-certains-fonctionnaires-en-poste-a-bamako","status":"publish","type":"post","link":"https:\/\/www.europesays.com\/fr\/549969\/","title":{"rendered":"Offensive djihadiste au Mali\u00a0: la France rapatrie certains fonctionnaires en poste \u00e0 Bamako"},"content":{"rendered":"<p class=\"paragraph text_align_left lp-f-body-02\">Un signal de plus, dans l\u2019inexorable d\u00e9gradation s\u00e9curitaire au Mali. La France a annonc\u00e9 ce vendredi qu\u2019elle allait r\u00e9duire sensiblement ses personnels \u00e0 Bamako, la capitale, de plus en plus \u00e9touff\u00e9e par un blocus des <a href=\"https:\/\/www.leparisien.fr\/international\/une-question-de-jours-ou-de-semaines-sous-la-pression-des-djihadistes-le-mali-au-bord-du-gouffre-11-11-2025-JNUT26NEJ5HQTANJDCMMD6HSM4.php\" target=\"_self\" rel=\"noopener\">djihadistes du JNIM<\/a> (groupe de soutien \u00e0 l\u2019islam et aux musulmans), affili\u00e9 \u00e0 Al-Qa\u00efda. La liste nominative des fonctionnaires concern\u00e9s \u00e9tait en cours de finalisation ce vendredi soir.<\/p>\n<p class=\"paragraph text_align_left lp-f-body-02\">Selon nos informations, entre un quart et un tiers des effectifs (les expatri\u00e9s, pas les employ\u00e9s locaux) de l\u2019ambassade et du Consulat g\u00e9n\u00e9ral sont concern\u00e9s. Soit une douzaine de personnes. Ils prendront l\u2019avion du retour vers la France dans les prochains jours. Les \u00e9tablissements scolaires aussi sont concern\u00e9s. Sept au total, des plus petites structures (l\u2019\u00e9cole Les Lutins, Les Angelots\u2026) au plus important : le lyc\u00e9e fran\u00e7ais Libert\u00e9 de Bamako.<\/p>\n<p>De moins en moins de Fran\u00e7ais au Mali<\/p>\n<p class=\"paragraph text_align_left lp-f-body-02\">C\u2019est dans la grande salle<b> <\/b>du centre de crise et de soutien (CDCS), au minist\u00e8re des Affaires \u00e9trang\u00e8res, que la d\u00e9cision a \u00e9t\u00e9 act\u00e9e la veille, en pr\u00e9sence de diplomates, militaires, responsables du renseignement et repr\u00e9sentants de l\u2019ex\u00e9cutif.<\/p>\n<p class=\"paragraph text_align_left lp-f-body-02\">Depuis que la <a href=\"https:\/\/www.leparisien.fr\/international\/chacun-est-passe-a-loffensive-pourquoi-la-rupture-entre-le-mali-et-la-france-est-consommee-01-02-2022-IEFU7EQ3BFC53CTETRAF7MO66M.php\" target=\"_self\" rel=\"noopener\">France n\u2019est plus la bienvenue<\/a> au Mali (les derniers soldats en sont partis en 2022), Paris d\u00e9conseille \u00e0 ses ressortissants de se rendre au Mali. En cinq ans, la moiti\u00e9 est partie. Un peu plus de 4 000 sont rest\u00e9s, en majorit\u00e9 binationaux, dont les attaches locales sont tr\u00e8s fortes.<\/p>\n<p class=\"paragraph text_align_left lp-f-body-02\"><a href=\"https:\/\/www.leparisien.fr\/international\/paris-recommande-aux-francais-de-quitter-temporairement-le-mali-07-11-2025-7RPYC4HF7NAXRKODMDNF4QPIAE.php\" target=\"_self\" rel=\"noopener\">Le 7 novembre<\/a>, Paris avait appel\u00e9 les Fran\u00e7ais \u00e0 quitter temporairement le Mali par les vols commerciaux (ceux de Corsair notamment, <a href=\"https:\/\/www.leparisien.fr\/international\/le-mali-annule-lautorisation-des-vols-dair-france-entre-paris-et-bamako-12-08-2023-D4ZFPT7R6NC2TJCAU76X6O665E.php\" target=\"_self\" rel=\"noopener\">Air France<\/a> n\u2019assurant plus de liaisons avec Bamako). Un palier \u2015 trigger (d\u00e9clenchement), dit-on dans le jargon diplomatique \u2015 suppl\u00e9mentaire a \u00e9t\u00e9 franchi ce vendredi, apr\u00e8s analyse de la situation s\u00e9curitaire au Mali. Mercredi, le JNIM \u2015 qui impose un blocus sur les importations de carburant \u2015 a annonc\u00e9 renforcer son si\u00e8ge de la capitale, paralysant l\u2019\u00e9conomie du pays sah\u00e9lien enclav\u00e9. Comme un lacet qui l\u2019\u00e9toufferait un peu plus chaque jour.<\/p>\n<p>\u00ab Grande vigilance \u00bb<\/p>\n<p class=\"paragraph text_align_left lp-f-body-02\">Les camions semblaient \u00eatre un peu de retour \u00e0 Bamako ces derniers jours, mais le mirage devrait donc \u00eatre de courte dur\u00e9e. L\u2019objectif affich\u00e9 des djihadistes est de faire tomber la junte militaire du <a href=\"https:\/\/www.leparisien.fr\/international\/assimi-goita-au-pouvoir-au-mali-depuis-quatre-ans-lhomme-qui-a-livre-son-pays-a-poutine-26-05-2025-XJ5MKJWRSRCC5EX325XXKHPMGY.php\" target=\"_self\" rel=\"noopener\">pr\u00e9sident Go\u00efta<\/a>, au pouvoir depuis deux coups d\u2019\u00c9tat successifs en 2020 et 2021. Jusqu\u2019ici, le JNIM n\u2019a pas cibl\u00e9 les Fran\u00e7ais. S\u2019ils le faisaient, ce serait le chant du d\u00e9part imm\u00e9diat : les islamistes ont fait preuve jusqu\u2019ici d\u2019une transparence encore jamais d\u00e9mentie, constate une source diplomatique. En clair, ils font ce qu\u2019ils disent.<\/p>\n<p class=\"paragraph text_align_left lp-f-body-02\">Pas question pour le gouvernement de cr\u00e9er un effet de panique. La situation, estime un fin connaisseur du Sahel, ne justifie pas pour le moment le d\u00e9clenchement de mesures d\u2019urgence. Mais l\u2019heure est \u00e0 la \u00ab grande vigilance \u00bb. Au CDCS, dont la mission premi\u00e8re est de prot\u00e9ger les Fran\u00e7ais dans le monde (expatri\u00e9s, touristes\u2026), la gestion se fait \u00e9tape par \u00e9tape, dans une logique d\u2019anticipation. \u00ab Ni trop t\u00f4t ni, surtout, trop tard \u00bb, a-t-on l\u2019habitude de dire au Quai.<\/p>\n<p class=\"paragraph text_align_left lp-f-body-02\">Si la situation devait se d\u00e9grader brutalement, la r\u00e9ussite d\u2019une \u00e9vacuation d\u2019urgence (voire d\u2019une extraction militaire en cas de danger absolu) ne pourrait \u00eatre men\u00e9e \u00e0 bien que s\u2019il n\u2019y a pas trop de ressortissants \u00e0 \u00ab sortir \u00bb. C\u2019est dans cette logique \u00ab peau de chagrin \u00bb que la France avance sur une ligne de cr\u00eate, poussant peu \u00e0 peu les uns et les autres au retour.<\/p>\n<p class=\"paragraph text_align_left lp-f-body-02\">Car au Mali, rien n\u2019est simple. Faute de littoral, aucune op\u00e9ration maritime \u2015 comme \u00e0 <a href=\"https:\/\/www.leparisien.fr\/international\/haiti-243-personnes-evacuees-vers-la-martinique-dont-une-majorite-de-francais-29-03-2024-4SR4NKVB6JDUVEHVEO62DL7R5E.php\" target=\"_self\" rel=\"noopener\">Ha\u00efti en 2024<\/a> \u2015 n\u2019y est possible. Quant aux voies terrestres, notamment celles qui m\u00e8nent \u00e0 l\u2019Ouest vers le S\u00e9n\u00e9gal, elles sont toutes contr\u00f4l\u00e9es par le JNIM.<\/p>\n","protected":false},"excerpt":{"rendered":"Un signal de plus, dans l\u2019inexorable d\u00e9gradation s\u00e9curitaire au Mali. La France a annonc\u00e9 ce vendredi qu\u2019elle allait&hellip;\n","protected":false},"author":2,"featured_media":549970,"comment_status":"","ping_status":"","sticky":false,"template":"","format":"standard","meta":{"footnotes":""},"categories":[4],"tags":[11,1011,27,14,12,316,25],"class_list":{"0":"post-549969","1":"post","2":"type-post","3":"status-publish","4":"format-standard","5":"has-post-thumbnail","7":"category-france","8":"tag-actualites","9":"tag-fr","10":"tag-france","11":"tag-international","12":"tag-news","13":"tag-politique","14":"tag-republique-francaise"},"share_on_mastodon":{"url":"https:\/\/pubeurope.com\/@fr\/115589936944650241","error":""},"_links":{"self":[{"href":"https:\/\/www.europesays.com\/fr\/wp-json\/wp\/v2\/posts\/549969","targetHints":{"allow":["GET"]}}],"collection":[{"href":"https:\/\/www.europesays.com\/fr\/wp-json\/wp\/v2\/posts"}],"about":[{"href":"https:\/\/www.europesays.com\/fr\/wp-json\/wp\/v2\/types\/post"}],"author":[{"embeddable":true,"href":"https:\/\/www.europesays.com\/fr\/wp-json\/wp\/v2\/users\/2"}],"replies":[{"embeddable":true,"href":"https:\/\/www.europesays.com\/fr\/wp-json\/wp\/v2\/comments?post=549969"}],"version-history":[{"count":0,"href":"https:\/\/www.europesays.com\/fr\/wp-json\/wp\/v2\/posts\/549969\/revisions"}],"wp:featuredmedia":[{"embeddable":true,"href":"https:\/\/www.europesays.com\/fr\/wp-json\/wp\/v2\/media\/549970"}],"wp:attachment":[{"href":"https:\/\/www.europesays.com\/fr\/wp-json\/wp\/v2\/media?parent=549969"}],"wp:term":[{"taxonomy":"category","embeddable":true,"href":"https:\/\/www.europesays.com\/fr\/wp-json\/wp\/v2\/categories?post=549969"},{"taxonomy":"post_tag","embeddable":true,"href":"https:\/\/www.europesays.com\/fr\/wp-json\/wp\/v2\/tags?post=549969"}],"curies":[{"name":"wp","href":"https:\/\/api.w.org\/{rel}","templated":true}]}}