{"id":549973,"date":"2025-11-21T22:01:18","date_gmt":"2025-11-21T22:01:18","guid":{"rendered":"https:\/\/www.europesays.com\/fr\/549973\/"},"modified":"2025-11-21T22:01:18","modified_gmt":"2025-11-21T22:01:18","slug":"lavenir-passe-par-cannes-pour-le-tours-volley-ball","status":"publish","type":"post","link":"https:\/\/www.europesays.com\/fr\/549973\/","title":{"rendered":"l\u2019avenir passe par Cannes pour le Tours Volley-Ball"},"content":{"rendered":"<p><strong>Cannes\u00a0&#8211; Tours<\/strong><\/p>\n<p>De Paris \u00e0 Cannes, le Tours Volley-Ball a eu une semaine pleine de travail. \u00ab\u00a0Une semaine qui se termine le jeudi\u00a0\u00bb, comme n\u2019a pas manqu\u00e9 de glisser Igor Juricic, le nouvel entra\u00eeneur tourangeau alors que ses gar\u00e7ons entraient dans Grenon pour leur ultime s\u00e9ance d\u2019entra\u00eenement, avant de mettre le cap sur la C\u00f4te d&rsquo;Azur, vendredi&#8230;. <\/p>\n<p>    Cet article a \u00e9t\u00e9 tronqu\u00e9. Abonnez-vous pour lire l&rsquo;article complet sur notre site.<\/p>\n<p style=\"margin: 0 !important; padding: 0 !important; font-size: 12px !important;\">Cet article a \u00e9t\u00e9 tronqu\u00e9. Abonnez-vous pour lire l&rsquo;article complet.<\/p>\n<p>    <a href=\"https:\/\/www.lanouvellerepublique.fr\/abonnements\" style=\"display: inline-block; margin-top: 5px !important; padding: 6px 12px !important; background: #cb1c27; color: white; text-decoration: none; border-radius: 4px; font-size: 12px !important;\" target=\"_blank\" rel=\"noopener\"><br \/>\n      S&rsquo;abonner<br \/>\n    <\/a><\/p>\n","protected":false},"excerpt":{"rendered":"Cannes\u00a0&#8211; Tours De Paris \u00e0 Cannes, le Tours Volley-Ball a eu une semaine pleine de travail. \u00ab\u00a0Une semaine&hellip;\n","protected":false},"author":2,"featured_media":549974,"comment_status":"","ping_status":"","sticky":false,"template":"","format":"standard","meta":{"footnotes":""},"categories":[1417],"tags":[1392,1011,27,1387,1655,60,1390,1471,2767,1470,1469],"class_list":{"0":"post-549973","1":"post","2":"type-post","3":"status-publish","4":"format-standard","5":"has-post-thumbnail","7":"category-volley","8":"tag-a-la-une-local","9":"tag-fr","10":"tag-france","11":"tag-indre-et-loire","12":"tag-ligue-a","13":"tag-sports","14":"tag-tours","15":"tag-tours-volley-ball","16":"tag-tvb-37","17":"tag-volley","18":"tag-volleyball"},"share_on_mastodon":{"url":"https:\/\/pubeurope.com\/@fr\/115589944676965453","error":""},"_links":{"self":[{"href":"https:\/\/www.europesays.com\/fr\/wp-json\/wp\/v2\/posts\/549973","targetHints":{"allow":["GET"]}}],"collection":[{"href":"https:\/\/www.europesays.com\/fr\/wp-json\/wp\/v2\/posts"}],"about":[{"href":"https:\/\/www.europesays.com\/fr\/wp-json\/wp\/v2\/types\/post"}],"author":[{"embeddable":true,"href":"https:\/\/www.europesays.com\/fr\/wp-json\/wp\/v2\/users\/2"}],"replies":[{"embeddable":true,"href":"https:\/\/www.europesays.com\/fr\/wp-json\/wp\/v2\/comments?post=549973"}],"version-history":[{"count":0,"href":"https:\/\/www.europesays.com\/fr\/wp-json\/wp\/v2\/posts\/549973\/revisions"}],"wp:featuredmedia":[{"embeddable":true,"href":"https:\/\/www.europesays.com\/fr\/wp-json\/wp\/v2\/media\/549974"}],"wp:attachment":[{"href":"https:\/\/www.europesays.com\/fr\/wp-json\/wp\/v2\/media?parent=549973"}],"wp:term":[{"taxonomy":"category","embeddable":true,"href":"https:\/\/www.europesays.com\/fr\/wp-json\/wp\/v2\/categories?post=549973"},{"taxonomy":"post_tag","embeddable":true,"href":"https:\/\/www.europesays.com\/fr\/wp-json\/wp\/v2\/tags?post=549973"}],"curies":[{"name":"wp","href":"https:\/\/api.w.org\/{rel}","templated":true}]}}