{"id":549985,"date":"2025-11-21T22:10:14","date_gmt":"2025-11-21T22:10:14","guid":{"rendered":"https:\/\/www.europesays.com\/fr\/549985\/"},"modified":"2025-11-21T22:10:14","modified_gmt":"2025-11-21T22:10:14","slug":"klimt-frida-kahlo-van-gogh-ces-records-en-cascade-des-ventes-a-new-york-qui-envoient-un-signe-positif-au-marche","status":"publish","type":"post","link":"https:\/\/www.europesays.com\/fr\/549985\/","title":{"rendered":"Klimt, Frida Kahlo, Van Gogh\u2026 Ces records en cascade des ventes \u00e0 New York qui envoient un signe positif au march\u00e9"},"content":{"rendered":"<p>\n    <strong>D\u00c9CRYPTAGE &#8211; <\/strong>Les \u0153uvres parties \u00e0 prix fous cette semaine t\u00e9moignent de la reprise du secteur longtemps en berne. Les nouveaux acteurs des pays du Golfe p\u00e8sent de plus en plus lourd.<\/p>\n<p class=\"fig-paragraph\">Les\u00a0<a href=\"http:\/\/www.lefigaro.fr\/culture\/le-portrait-d-elisabeth-lederer-tableau-de-klimt-devient-la-2e-oeuvre-la-plus-chere-jamais-vendue-aux-encheres-20251119\" data-fig-type=\"NewsFlash\" data-gtm-custom-categorie=\"navigation\" data-gtm-custom-action=\"crossclick\" data-gtm-custom-label=\"Contextuel\" data-gtm-event=\"customEventSPE\" data-fig-domain=\"LEFIGARO\" target=\"_blank\" rel=\"noopener\">records des derni\u00e8res ventes de New York<\/a>\u00a0pr\u00e9sagent-ils d\u2019une sortie de crise du march\u00e9 de l\u2019art\u00a0? \u00c0 l\u2019issue de cette folle semaine marquant un triomphe inattendu, la r\u00e9sultante est plus complexe qu\u2019elle n\u2019y para\u00eet. Il ne s\u2019agit l\u00e0 que de l\u2019exceptionnel. Cette offre premium avec le pedigree de collections reconnues, toutes garanties par les grandes maisons Sotheby\u2019s et Christie\u2019s avec de tierces personnes, donne l\u2019assurance de les vendre, quelle que soit la tournure des ench\u00e8res. La cr\u00e8me de la cr\u00e8me pour cr\u00e9er le buzz et faire monter les prix au sommet. Si ces prix sont tous dict\u00e9s d\u2019avance \u00e0 hauteur de l\u2019estimation annonc\u00e9e, ils peuvent cr\u00e9er la surprise en montant plus haut\u00a0si d\u2019autres acheteurs entrent dans la danse.<\/p>\n<p class=\"fig-paragraph\">Ce fut le cas pour la \u00ab\u00a0vente en gants blancs\u00a0\u00bb de la collection Lauder chez Sotheby\u2019s (100\u00a0% de vendu, un produit de 531,3\u00a0millions de dollars, au-dessus des 485,2\u00a0millions de dollars estim\u00e9s), avec le record \u00e0 236,4\u00a0millions de dollars (frais inclus), soit\u2026<\/p>\n<p class=\"fig-premium-paywall__infos\">\n        Cet article est r\u00e9serv\u00e9 aux abonn\u00e9s.        Il vous reste 88% \u00e0 d\u00e9couvrir.\n    <\/p>\n<p>                <img  data- alt=\"Le Figaro\" class=\"fig-img--complete fig-img\"\/><\/p>\n<p class=\"fig-premium-paywall__title\">Black Friday<\/p>\n<p class=\"fig-premium-paywall__subtitle\">-70% sur l&rsquo;abonnement num\u00e9rique<\/p>\n<p class=\"fig-premium-paywall__connect\">\n                D\u00e9j\u00e0 abonn\u00e9\u00a0?                <a class=\"fig-premium-paywall__connect-link\" href=\"https:\/\/connect.lefigaro.fr\/login?client=horizon_web&amp;type=main&amp;redirect_uri=https%3A%2F%2Fwww.lefigaro.fr%2Fculture%2Fencheres%2Fklimt-frida-kahlo-van-gogh-ces-records-en-cascade-des-ventes-a-new-york-qui-envoient-un-signe-positif-au-marche-20251121\" data-js-gtm=\"{&quot;customCategorie&quot;: &quot;conversion&quot;, &quot;customAction&quot;: &quot;before_Landing_Connexion_paywall_auto&quot;, &quot;customLabel&quot;: &quot;bGVmaWdhcm8uZnJfXzFmMGM2YWU2LTczNjgtNjgzNi1hOGVmLTk5ZWVlN2MyOGY0Ml9fQXJ0aWNsZQ==_Klimt, Frida Kahlo, Van Gogh\u2026 Ces records en cascade des ventes \u00e0 New York qui envoient un signe positif au march\u00e9_262&quot;, &quot;customIDSPE&quot;: &quot;bGVmaWdhcm8uZnJfXzFmMGM2YWU2LTczNjgtNjgzNi1hOGVmLTk5ZWVlN2MyOGY0Ml9fQXJ0aWNsZQ==&quot;, &quot;event&quot;: &quot;customEventSPE&quot;}\" target=\"_blank\" rel=\"noopener\"><br \/>\n                    Connectez-vous<br \/>\n                <\/a>\n            <\/p>\n","protected":false},"excerpt":{"rendered":"D\u00c9CRYPTAGE &#8211; Les \u0153uvres parties \u00e0 prix fous cette semaine t\u00e9moignent de la reprise du secteur longtemps en&hellip;\n","protected":false},"author":2,"featured_media":549986,"comment_status":"","ping_status":"","sticky":false,"template":"","format":"standard","meta":{"footnotes":""},"categories":[1358],"tags":[1348,1384,1385,1386,58,59,1011,27,44466,66755,415,13954],"class_list":{"0":"post-549985","1":"post","2":"type-post","3":"status-publish","4":"format-standard","5":"has-post-thumbnail","7":"category-arts-et-design","8":"tag-arts","9":"tag-arts-and-design","10":"tag-arts-et-design","11":"tag-design","12":"tag-divertissement","13":"tag-entertainment","14":"tag-fr","15":"tag-france","16":"tag-frida-kahlo","17":"tag-gustav-klimt","18":"tag-new-york","19":"tag-sothebys"},"share_on_mastodon":{"url":"https:\/\/pubeurope.com\/@fr\/115589980047407197","error":""},"_links":{"self":[{"href":"https:\/\/www.europesays.com\/fr\/wp-json\/wp\/v2\/posts\/549985","targetHints":{"allow":["GET"]}}],"collection":[{"href":"https:\/\/www.europesays.com\/fr\/wp-json\/wp\/v2\/posts"}],"about":[{"href":"https:\/\/www.europesays.com\/fr\/wp-json\/wp\/v2\/types\/post"}],"author":[{"embeddable":true,"href":"https:\/\/www.europesays.com\/fr\/wp-json\/wp\/v2\/users\/2"}],"replies":[{"embeddable":true,"href":"https:\/\/www.europesays.com\/fr\/wp-json\/wp\/v2\/comments?post=549985"}],"version-history":[{"count":0,"href":"https:\/\/www.europesays.com\/fr\/wp-json\/wp\/v2\/posts\/549985\/revisions"}],"wp:featuredmedia":[{"embeddable":true,"href":"https:\/\/www.europesays.com\/fr\/wp-json\/wp\/v2\/media\/549986"}],"wp:attachment":[{"href":"https:\/\/www.europesays.com\/fr\/wp-json\/wp\/v2\/media?parent=549985"}],"wp:term":[{"taxonomy":"category","embeddable":true,"href":"https:\/\/www.europesays.com\/fr\/wp-json\/wp\/v2\/categories?post=549985"},{"taxonomy":"post_tag","embeddable":true,"href":"https:\/\/www.europesays.com\/fr\/wp-json\/wp\/v2\/tags?post=549985"}],"curies":[{"name":"wp","href":"https:\/\/api.w.org\/{rel}","templated":true}]}}