{"id":549987,"date":"2025-11-21T22:12:27","date_gmt":"2025-11-21T22:12:27","guid":{"rendered":"https:\/\/www.europesays.com\/fr\/549987\/"},"modified":"2025-11-21T22:12:27","modified_gmt":"2025-11-21T22:12:27","slug":"pekin-express-cette-strategie-secrete-de-kevin-et-sophie-pour-ne-pas-perdre-la-face-pendant-laventure","status":"publish","type":"post","link":"https:\/\/www.europesays.com\/fr\/549987\/","title":{"rendered":"P\u00e9kin Express : cette strat\u00e9gie secr\u00e8te de K\u00e9vin et Sophie pour ne pas perdre la face pendant l&rsquo;aventure"},"content":{"rendered":"<p>Les jours se suivent et ne se ressemblent pas dans cette saison<br \/>\n21 de P\u00e9kin Express qui continue tous les vendredis soir \u00e0 21h10<br \/>\nsur <a href=\"https:\/\/www.m6.fr\/\" rel=\"nofollow noopener\" target=\"_blank\">M6<\/a>. En course<br \/>\nau Kazakhstan, les six bin\u00f4mes encore en comp\u00e9tition font face \u00e0<br \/>\ndes \u00e9preuves toutes plus difficiles les unes que les autres pour<br \/>\ntenter d\u2019arriver jusqu\u2019au sprint final. Dans la troisi\u00e8me \u00e9tape<br \/>\ndiffus\u00e9e ce 21 novembre, <strong>c\u2019est la course des intouchables<br \/>\nque disputent les candidats<\/strong>. Cela signifie que pendant<br \/>\ntrois courses, les candidats s\u2019affrontent en essayant d\u2019arriver<br \/>\npremiers devant St\u00e9phane Rotenberg pour \u00eatre directement qualifi\u00e9s<br \/>\npour l\u2019\u00e9tape suivante.<\/p>\n<p>Et la premi\u00e8re course n\u2019est autre qu\u2019<strong>un trek de 4<br \/>\nkilom\u00e8tres que les bin\u00f4mes doivent parcourir en montagne<\/strong>,<br \/>\ndans des temp\u00e9ratures glaciales et en portant en plus une bassine<br \/>\nqui contient 20 litres d\u2019eau. Apr\u00e8s un premier trek \u00e9prouvant lors<br \/>\nde la premi\u00e8re \u00e9tape au cours duquel <a href=\"https:\/\/www.closermag.fr\/tv_tele_realite\/pekin-express-la-route-des-glaces-je-me-suis-fait-cette-blessure-grave-dun-candidat-dont-la-production-na-rien-su-3592215\" rel=\"nofollow noopener\" target=\"_blank\">Francis s\u2019est gravement bless\u00e9<\/a>, inutile de pr\u00e9ciser que<br \/>\ntous les bin\u00f4mes appr\u00e9hendent cette nouvelle \u00e9preuve.<\/p>\n<p>P\u00e9kin Express : K\u00e9vin et Sophie ont pass\u00e9 un pacte<\/p>\n<p>C\u2019est notamment le cas de K\u00e9vin et Sophie, le couple de<br \/>\nCarcassonne qui d\u00e9marre le trek devant le bin\u00f4me d\u2019inconnues de<br \/>\nMarianne et Ly\u00e7aona et celui des nounous d\u2019enfer, Catherine et<br \/>\nH\u00e9l\u00e8ne qui ont d\u2019ailleurs <a href=\"https:\/\/www.telestar.fr\/tele_realite\/pekin_express\/pekin-express-cette-decision-risquee-de-catherine-et-helene-qui-va-en-faire-hurler-certains-1745702\" rel=\"nofollow noopener\" target=\"_blank\">choisi une strat\u00e9gie risqu\u00e9e<\/a>. Alors qu\u2019ils peinent \u00e0<br \/>\navancer, <strong>le ton monte au sein du couple.<\/strong> Sophie<br \/>\ndemande \u00e0 K\u00e9vin, qui porte les deux gros sac-\u00e0-dos rouges, d\u2019aller<br \/>\nmoins vite.<\/p>\n<p>Une requ\u00eate qui agace le jeune homme. \u00ab\u00a0Je vais doucement<br \/>\nd\u00e9j\u00e0, je suis au ralenti Sophie donc je ne sais pas quoi<br \/>\nfaire\u00a0\u00bb. La candidate souligne qu\u2019il la tire avec la bassine,<br \/>\nm\u00eame s\u2019il ne s\u2019en rend pas compte. K\u00e9vin d\u00e9cide donc de la laisser<br \/>\npasser. \u00ab\u00a0Je te laisse passer devant, je ne peux pas faire mieux<br \/>\nl\u00e0\u00a0\u00bb explique-t-il, d\u00e9pit\u00e9. Et c\u2019est \u00e0 ce moment-l\u00e0 que<br \/>\n<strong>Sophie mentionne un pacte que le couple aurait<br \/>\npass\u00e9<\/strong> avant de commencer P\u00e9kin Express.<\/p>\n<p>Un autre couple a eu la m\u00eame<br \/>\nstrat\u00e9gie<\/p>\n<p>\u00ab\u00a0<strong>Pas de dispute devant la France enti\u00e8re on a<br \/>\ndit\u00a0\u00bb<\/strong> rappelle-t-elle \u00e0 son compagnon. Un pacte que<br \/>\nSophie et K\u00e9vin pourraient \u00eatre appel\u00e9s \u00e0 rappeler de nouvelles<br \/>\nfois dans la suite de l\u2019aventure s\u2019ils se qualifient. En effet<br \/>\nl\u2019\u00e9mission est connue pour pousser les candidats \u00e0 bout, et il est<br \/>\nprobable que le couple se retrouve \u00e0 nouveau dans une situation o\u00f9<br \/>\nl\u2019\u00e9nervement et la frustration pourraient se manifester. Ils ne<br \/>\nsont d\u2019ailleurs pas les seuls \u00e0 avoir tenu \u00e0 r\u00e9guler leurs \u00e9motions<br \/>\npuisque <a href=\"https:\/\/www.closermag.fr\/tv_tele_realite\/claire-et-eric-ce-code-secret-dans-pekin-express-que-les-futurs-maries-ont-garde-dans-lintimite-3593480\" rel=\"nofollow noopener\" target=\"_blank\"><br \/>\nClaire et Eric ont aussi mis en place un code secret<\/a>&#8230;<\/p>\n","protected":false},"excerpt":{"rendered":"Les jours se suivent et ne se ressemblent pas dans cette saison 21 de P\u00e9kin Express qui continue&hellip;\n","protected":false},"author":2,"featured_media":549988,"comment_status":"","ping_status":"","sticky":false,"template":"","format":"standard","meta":{"footnotes":""},"categories":[1356],"tags":[58,59,1011,27,3172,44043,252,1364],"class_list":{"0":"post-549987","1":"post","2":"type-post","3":"status-publish","4":"format-standard","5":"has-post-thumbnail","7":"category-television","8":"tag-divertissement","9":"tag-entertainment","10":"tag-fr","11":"tag-france","12":"tag-pekin-express","13":"tag-stephane-rotenberg","14":"tag-television","15":"tag-tv"},"share_on_mastodon":{"url":"https:\/\/pubeurope.com\/@fr\/115589988039756931","error":""},"_links":{"self":[{"href":"https:\/\/www.europesays.com\/fr\/wp-json\/wp\/v2\/posts\/549987","targetHints":{"allow":["GET"]}}],"collection":[{"href":"https:\/\/www.europesays.com\/fr\/wp-json\/wp\/v2\/posts"}],"about":[{"href":"https:\/\/www.europesays.com\/fr\/wp-json\/wp\/v2\/types\/post"}],"author":[{"embeddable":true,"href":"https:\/\/www.europesays.com\/fr\/wp-json\/wp\/v2\/users\/2"}],"replies":[{"embeddable":true,"href":"https:\/\/www.europesays.com\/fr\/wp-json\/wp\/v2\/comments?post=549987"}],"version-history":[{"count":0,"href":"https:\/\/www.europesays.com\/fr\/wp-json\/wp\/v2\/posts\/549987\/revisions"}],"wp:featuredmedia":[{"embeddable":true,"href":"https:\/\/www.europesays.com\/fr\/wp-json\/wp\/v2\/media\/549988"}],"wp:attachment":[{"href":"https:\/\/www.europesays.com\/fr\/wp-json\/wp\/v2\/media?parent=549987"}],"wp:term":[{"taxonomy":"category","embeddable":true,"href":"https:\/\/www.europesays.com\/fr\/wp-json\/wp\/v2\/categories?post=549987"},{"taxonomy":"post_tag","embeddable":true,"href":"https:\/\/www.europesays.com\/fr\/wp-json\/wp\/v2\/tags?post=549987"}],"curies":[{"name":"wp","href":"https:\/\/api.w.org\/{rel}","templated":true}]}}